{"id":53680,"date":"2023-04-06T15:56:21","date_gmt":"2023-04-06T20:56:21","guid":{"rendered":"http:\/\/www.zonaroja.com.mx\/?p=53680"},"modified":"2023-04-06T16:00:22","modified_gmt":"2023-04-06T21:00:22","slug":"central-de-abasto-entre-la-anarquia-incendios-inseguridad-y-caos","status":"publish","type":"post","link":"https:\/\/zonaroja.com.mx\/?p=53680","title":{"rendered":"Central de Abasto: entre la anarqu\u00eda, incendios, inseguridad y caos"},"content":{"rendered":"\n<p>Yuridiana Sosa\/Zona Roja.<\/p>\n\n\n\n<p>Oaxaca de Ju\u00e1rez, Oax., a 6 de abril de 2023.- Los incendios en la Central de Abasto de la capital de Oaxaca no cesan y este jueves se registr\u00f3 uno m\u00e1s, con cuantiosos da\u00f1os materiales, con el cual suman al menos cuatro siniestros a partir de mayo de 2020 a la fecha.<\/p>\n\n\n\n<p>Desde el 27 de mayo de 2020 cuando se registr\u00f3 el incendio m\u00e1s grave que afect\u00f3 a m\u00e1s de 100 locales, las autoridades han ejecutado obras e implementado acciones de recomendaci\u00f3n para los locatarios, quienes a su vez han tomado medidas de emergencia ante cualquier evento, pero hasta ahora han sido insuficientes.&nbsp;<\/p>\n\n\n\n<p>El nuevo incendio que afect\u00f3 a cuatro locales se registr\u00f3 la madrugada de&nbsp;este jueves, alrededor&nbsp;de las 2:30&nbsp;horas, presuntamente iniciado en un local de venta de veladoras en la zona modular, entre los pasillos \u00abU\u00bb y \u00abS\u00bb.<\/p>\n\n\n\n<p>Una llamada de vecinos de la zona alert\u00f3 a los cuerpos de emergencia, quienes para combatir el fuego tambi\u00e9n tuvieron que forzar las cortinas met\u00e1licas y evitar que se extendiera con mayor intensidad a otros locales.<\/p>\n\n\n\n<p>Durante m\u00e1s de cinco horas elementos del Heroico Cuerpo de Bomberos de Oaxaca y Protecci\u00f3n Civil realizaron labores para sofocar en su totalidad el incendio que s\u00f3lo dej\u00f3 cuantiosos da\u00f1os materiales.<\/p>\n\n\n\n<p>OTROS SINIESTROS<\/p>\n\n\n\n<p>M\u00e1s de 100 locales, principalmente de artesan\u00edas, quedaron siniestrados en el intenso incendio del 27 de mayo de 2020. Los productos se redujeron a cenizas y los espacios quedaron inservibles.<\/p>\n\n\n\n<p>El reporte oficial del Instituto de Servicios Periciales, de la Fiscal\u00eda General de Oaxaca, indic\u00f3 que la causa que origin\u00f3 el incendio fue un corto circuito derivado de una irregular y deficiente conexi\u00f3n el\u00e9ctrica efectuada durante un trabajo de soldadura llevado a cabo el d\u00eda de los hechos, en el local n\u00famero 102 del Mercado de Abasto, en el cual, al no utilizarse material el\u00e9ctrico adecuado para soportar la capacidad de carga de energ\u00eda en una planta para soldar, hizo corto.<\/p>\n\n\n\n<p>Tras ello la zona de artesan\u00edas fue reconstruida con una inversi\u00f3n de 49 millones de pesos y la obra se entreg\u00f3 en febrero de 2022. En esta intervenci\u00f3n, apuntaron, se procur\u00f3 colocar las instalaciones el\u00e9ctricas adecuadas y accesos de emergencia que permitan la intervenci\u00f3n de los cuerpos de emergencia, entre otras cosas.<\/p>\n\n\n\n<p>Sin embargo, los comerciantes de otras \u00e1reas viven en contantes eventos de incendios a falta de una total y adecuada instalaci\u00f3n el\u00e9ctrica; adem\u00e1s de posibles abusos en las redes de energ\u00eda.<\/p>\n\n\n\n<p>En octubre de 2021 se registr\u00f3 un incendio en un puesto de carnes de dicho mercado, lo cual, primero moviliz\u00f3 a los comerciantes para tratar de sofocarlo ante el temor de su propagaci\u00f3n, misma que se evit\u00f3 a intervenci\u00f3n del Cuerpo de Bomberos.<\/p>\n\n\n\n<p>En diciembre de 2022 un local de reparaci\u00f3n de celulares tambi\u00e9n se incendi\u00f3 debido a un corto circuito, sin que se reportaran da\u00f1os a otros espacios ni de personas.<\/p>\n\n\n\n<p>Algunos comerciantes se han preparado con extinguidores que los han ayudado a controlar algunos incidentes de manera oportuna, sin embargo, los locatarios se mantienen en la zozobra por las antiguas y malas instalaciones del mercado.<\/p>\n\n\n\n<figure class=\"wp-block-embed\"><div class=\"wp-block-embed__wrapper\">\n<div class=\"twitter-tweet\"><blockquote class=\"twitter-tweet\" data-lang=\"es\"><p lang=\"es\" dir=\"ltr\"><a href=\"https:\/\/twitter.com\/hashtag\/%C3%9AltimoMinuto?src=hash&amp;ref_src=twsrc%5Etfw\">#\u00daltimoMinuto<\/a><br>Al menos cuatro locales resultaron siniestrados en el Mercado de Abasto de la ciudad de <a href=\"https:\/\/twitter.com\/hashtag\/Oaxaca?src=hash&amp;ref_src=twsrc%5Etfw\">#Oaxaca<\/a>, por un fuerte incendio que se registr\u00f3 alrededor de las 02:30 horas de este Jueves Santo.<br>El combate al fuego por parte del <a href=\"https:\/\/twitter.com\/Bomberos_GobOax?ref_src=twsrc%5Etfw\">@Bomberos_GobOax<\/a> contin\u00faa hasta esta ma\u00f1ana. <a href=\"https:\/\/t.co\/HEPnEpZgVu\">pic.twitter.com\/HEPnEpZgVu<\/a><\/p>&mdash; Zona Roja Oaxaca (@ZonaRoja_Oaxaca) <a href=\"https:\/\/twitter.com\/ZonaRoja_Oaxaca\/status\/1643961409875632129?ref_src=twsrc%5Etfw\">6 de abril de 2023<\/a><\/blockquote><\/div>\n<\/div><\/figure>\n\n\n\n<p>INSEGURIDAD<\/p>\n\n\n\n<p>Transe\u00fantes, clientes y comerciantes del Mercado de Abasto tambi\u00e9n sufren de la inseguridad en la zona, la cual no s\u00f3lo es cr\u00edtica por los robos y asaltos violentos, sino tambi\u00e9n por la presencia de diversos grupos de personas que consumen drogas y alcohol en la zona.<\/p>\n\n\n\n<p>Tan grave es la falta de seguridad, que hasta elementos de la Polic\u00eda Municipal han formado parte de la delincuencia y la ciudadan\u00eda ha hecho justicia por propia mano.<\/p>\n\n\n\n<p>En febrero de 2021 dos elementos municipales fueron detenidos acusados del delito de robo a un negocio cometido en la zona del mercado de abasto en enero de ese a\u00f1o.<\/p>\n\n\n\n<p>Los polic\u00edas, quienes fueron vinculados a proceso y quedaron en prisi\u00f3n preventiva en ese entonces, delinquieron con la ayuda de otra persona la noche del&nbsp;10 de enero, entre las 23:20 y 23:50&nbsp;horas, seg\u00fan la causa penal 59\/2021.<\/p>\n\n\n\n<p>Por actos como estos, para la poblaci\u00f3n la presencia de la polic\u00eda no es garant\u00eda de seguridad, por lo que en algunos casos han preferido hacer justicia por mano propia.<\/p>\n\n\n\n<p>En junio de 2021 se hizo viral un violento asalto a un joven para quitarle su celular; tres sujetos rodearon a su v\u00edctima y le aplicaron una&nbsp;\u201cllave china\u201d para despojarlo de sus pertenencias.&nbsp;<\/p>\n\n\n\n<p>Mientras que cansados de esta situaci\u00f3n y ante el registr\u00f3 de un nuevo robo a una persona, en septiembre de 2021, los locatarios detuvieron y golpearon al asaltante.<\/p>\n\n\n\n<p>Otro de los delitos constantes en la zona es el robo de motocicletas, hechos por los que este a\u00f1o la autoridad municipal ha reportado algunas detenciones de presuntos \u201crobamotos\u201d.<\/p>\n\n\n\n<p>La zona no ha estado exenta tambi\u00e9n de muerte de personas en situaci\u00f3n de indigencia, adem\u00e1s de seguir siendo zona de venta y consumo de drogad, pese a supuestos operativos policiacos. <\/p>\n","protected":false},"excerpt":{"rendered":"<p>Yuridiana Sosa\/Zona Roja. Oaxaca de Ju\u00e1rez, Oax., a 6 de abril de 2023.- Los incendios&hellip;<\/p>\n","protected":false},"author":2,"featured_media":53671,"comment_status":"closed","ping_status":"open","sticky":false,"template":"","format":"standard","meta":{"_lmt_disableupdate":"","_lmt_disable":"","_jetpack_memberships_contains_paid_content":false,"footnotes":""},"categories":[109,47],"tags":[],"class_list":["post-53680","post","type-post","status-publish","format-standard","has-post-thumbnail","hentry","category-minuto-a-minuto","category-zona-gris"],"jetpack_featured_media_url":"https:\/\/zonaroja.com.mx\/wp-content\/uploads\/2023\/04\/Incendio-Mercado-de-Abasto-Oaxaca.jpg","jetpack_sharing_enabled":true,"_links":{"self":[{"href":"https:\/\/zonaroja.com.mx\/index.php?rest_route=\/wp\/v2\/posts\/53680","targetHints":{"allow":["GET"]}}],"collection":[{"href":"https:\/\/zonaroja.com.mx\/index.php?rest_route=\/wp\/v2\/posts"}],"about":[{"href":"https:\/\/zonaroja.com.mx\/index.php?rest_route=\/wp\/v2\/types\/post"}],"author":[{"embeddable":true,"href":"https:\/\/zonaroja.com.mx\/index.php?rest_route=\/wp\/v2\/users\/2"}],"replies":[{"embeddable":true,"href":"https:\/\/zonaroja.com.mx\/index.php?rest_route=%2Fwp%2Fv2%2Fcomments&post=53680"}],"version-history":[{"count":1,"href":"https:\/\/zonaroja.com.mx\/index.php?rest_route=\/wp\/v2\/posts\/53680\/revisions"}],"predecessor-version":[{"id":53681,"href":"https:\/\/zonaroja.com.mx\/index.php?rest_route=\/wp\/v2\/posts\/53680\/revisions\/53681"}],"wp:featuredmedia":[{"embeddable":true,"href":"https:\/\/zonaroja.com.mx\/index.php?rest_route=\/wp\/v2\/media\/53671"}],"wp:attachment":[{"href":"https:\/\/zonaroja.com.mx\/index.php?rest_route=%2Fwp%2Fv2%2Fmedia&parent=53680"}],"wp:term":[{"taxonomy":"category","embeddable":true,"href":"https:\/\/zonaroja.com.mx\/index.php?rest_route=%2Fwp%2Fv2%2Fcategories&post=53680"},{"taxonomy":"post_tag","embeddable":true,"href":"https:\/\/zonaroja.com.mx\/index.php?rest_route=%2Fwp%2Fv2%2Ftags&post=53680"}],"curies":[{"name":"wp","href":"https:\/\/api.w.org\/{rel}","templated":true}]}}