{"id":53683,"date":"2023-04-06T20:14:29","date_gmt":"2023-04-07T01:14:29","guid":{"rendered":"http:\/\/www.zonaroja.com.mx\/?p=53683"},"modified":"2023-04-06T20:20:26","modified_gmt":"2023-04-07T01:20:26","slug":"53683","status":"publish","type":"post","link":"https:\/\/zonaroja.com.mx\/?p=53683","title":{"rendered":"Tras ignorar citas del Congreso, en sesi\u00f3n extraordinaria determinan no ratificar a magistrado"},"content":{"rendered":"<p>Yuridiana Sosa\/Zona Roja.<\/p>\n<p>Oaxaca de Ju\u00e1rez, Oax., a 6 de abril de 2023.- Tras ignorar las citas de la Comisi\u00f3n de Administraci\u00f3n y Procuraci\u00f3n de Justicia, esta tarde en sesi\u00f3n extraordinaria, el Congreso del Estado determin\u00f3 no ratificar ni reelegir al magistrado Jos\u00e9 Luis R\u00edos Cruz.<\/p>\n<p>En tanto, en pr\u00f3xima asamblea del pleno, abordar\u00e1 el caso de Alma L\u00f3pez V\u00e1squez, ambos magistrados que se han negado reiteradamente a ser removidos del cargo e incluso se han escondido para no recibir las notificaciones del Poder Legislativo.<\/p>\n<p>Con 31 votos a favor, de los 34 asistentes, y en sesi\u00f3n extraordinaria celebrada de manera virtual, la 65 Legislatura determin\u00f3 no ratificar ni reelegir a R\u00edos Cruz; tras ello, emitir\u00e1 la convocatoria respectiva para la sustituci\u00f3n correspondiente.<\/p>\n<p>SE ESCONDEN<\/p>\n<p>Y es que s,in justificaci\u00f3n para su ausencia, el magistrado del Tribunal Superior de Justicia de Oaxaca, Jos\u00e9 Luis R\u00edos Cruz, dej\u00f3 plantada en dos ocasiones a la Comisi\u00f3n de Administraci\u00f3n y Procuraci\u00f3n de Justicia de la 65 Legislatura de Oaxaca para el proceso de renovaci\u00f3n o no de su nombramiento.<\/p>\n<p>Esta ausencia, a la que se sum\u00f3 la magistrada Alma L\u00f3pez V\u00e1squez, para el mismo proceso, \u201cse entiende que no existe la voluntad de continuar en el ejercicio del cargo en el TSJEO a trav\u00e9s de la reelecci\u00f3n o ratificaci\u00f3n\u201d, manifest\u00f3 la Comisi\u00f3n en un pronunciamiento.<\/p>\n<p>El pr\u00f3ximo 9 de abril vence el plazo del cargo, para Alma L\u00f3pez V\u00e1squez, de 15 a\u00f1os y para Jos\u00e9 Luis R\u00edos Cruz de ocho a\u00f1os.<\/p>\n<p>El \u00f3rgano hab\u00eda puntualizado que posterior a la fecha del proceso el interesado al cargo no podr\u00e1 pedir que se cumpla con dicha acci\u00f3n.<\/p>\n<p>Los legisladores detallaron el caso de R\u00edos Cruz, quien no se present\u00f3 el 4 y el 5 de abril a la cita en el Congreso del Estado, poder que le otorg\u00f3 su nombramiento en 2015.<\/p>\n<p>La ausencia de la primera cita trat\u00f3 de justificarse, sin raz\u00f3n, a que gozaba de un permiso para ausentarse de sus labores, por lo que su secretaria no pudo entregarle la notificaci\u00f3n del llamado, sin embargo, el Congreso de Oaxaca refiri\u00f3 que es injustificable la falta, pues entre otras razones la funci\u00f3n como magistrado no est\u00e1n sujetos a un horario laboral para su ejercicio.<\/p>\n<p>Ante el hecho, la Comisi\u00f3n de Administraci\u00f3n y Procuraci\u00f3n de Justicia volvi\u00f3 a citar para el 5 de abril a ambos magistrados, faltando una vez m\u00e1s.<\/p>\n<p>Para esta ocasi\u00f3n, R\u00edos Cruz trat\u00f3 de conseguir un amparo para ausentarse, el cual le fue negado por el Juez de Distrito.<\/p>\n<p>La presidenta de dicha comisi\u00f3n, Lizette\u00a0Arroyo\u00a0Rodr\u00edguez, conden\u00f3 la acci\u00f3n de los magistrados y se\u00f1al\u00f3 que no tienen el inter\u00e9s de ser ratificados en el cargo.<\/p>\n","protected":false},"excerpt":{"rendered":"<p>Yuridiana Sosa\/Zona Roja. Oaxaca de Ju\u00e1rez, Oax., a 6 de abril de 2023.- Tras ignorar&hellip;<\/p>\n","protected":false},"author":2,"featured_media":48071,"comment_status":"closed","ping_status":"open","sticky":false,"template":"","format":"standard","meta":{"_lmt_disableupdate":"","_lmt_disable":"","_jetpack_memberships_contains_paid_content":false,"footnotes":""},"categories":[109,47],"tags":[2743],"class_list":["post-53683","post","type-post","status-publish","format-standard","has-post-thumbnail","hentry","category-minuto-a-minuto","category-zona-gris","tag-65-legislatura-del-estado-de-oaxaca"],"jetpack_featured_media_url":"https:\/\/zonaroja.com.mx\/wp-content\/uploads\/2022\/11\/Sede-del-Congreso-Oaxaca-diputados.jpg","jetpack_sharing_enabled":true,"_links":{"self":[{"href":"https:\/\/zonaroja.com.mx\/index.php?rest_route=\/wp\/v2\/posts\/53683","targetHints":{"allow":["GET"]}}],"collection":[{"href":"https:\/\/zonaroja.com.mx\/index.php?rest_route=\/wp\/v2\/posts"}],"about":[{"href":"https:\/\/zonaroja.com.mx\/index.php?rest_route=\/wp\/v2\/types\/post"}],"author":[{"embeddable":true,"href":"https:\/\/zonaroja.com.mx\/index.php?rest_route=\/wp\/v2\/users\/2"}],"replies":[{"embeddable":true,"href":"https:\/\/zonaroja.com.mx\/index.php?rest_route=%2Fwp%2Fv2%2Fcomments&post=53683"}],"version-history":[{"count":3,"href":"https:\/\/zonaroja.com.mx\/index.php?rest_route=\/wp\/v2\/posts\/53683\/revisions"}],"predecessor-version":[{"id":53688,"href":"https:\/\/zonaroja.com.mx\/index.php?rest_route=\/wp\/v2\/posts\/53683\/revisions\/53688"}],"wp:featuredmedia":[{"embeddable":true,"href":"https:\/\/zonaroja.com.mx\/index.php?rest_route=\/wp\/v2\/media\/48071"}],"wp:attachment":[{"href":"https:\/\/zonaroja.com.mx\/index.php?rest_route=%2Fwp%2Fv2%2Fmedia&parent=53683"}],"wp:term":[{"taxonomy":"category","embeddable":true,"href":"https:\/\/zonaroja.com.mx\/index.php?rest_route=%2Fwp%2Fv2%2Fcategories&post=53683"},{"taxonomy":"post_tag","embeddable":true,"href":"https:\/\/zonaroja.com.mx\/index.php?rest_route=%2Fwp%2Fv2%2Ftags&post=53683"}],"curies":[{"name":"wp","href":"https:\/\/api.w.org\/{rel}","templated":true}]}}