{"id":53689,"date":"2023-04-06T21:09:12","date_gmt":"2023-04-07T02:09:12","guid":{"rendered":"http:\/\/www.zonaroja.com.mx\/?p=53689"},"modified":"2023-04-06T21:16:31","modified_gmt":"2023-04-07T02:16:31","slug":"53689","status":"publish","type":"post","link":"https:\/\/zonaroja.com.mx\/?p=53689","title":{"rendered":"Necesario reformar Ley que Regula Instancias Municipales de las Mujeres en Oaxaca"},"content":{"rendered":"<p>Redacci\u00f3n\/Zona Roja.<\/p>\n<p>Oaxaca de Ju\u00e1rez, Oax., a 6 de abril de 2023.- Integrantes del Poder Legislativo de Oaxaca, encabezados por el presidente de la Junta de Coordinaci\u00f3n Pol\u00edtica de la 65 Legislatura, Luis Alfonso Silva Romo,ratificaron su compromiso por mejorar las condiciones de las Instancias Municipales de las Mujeres(IMM) en Oaxaca.<\/p>\n<p>La primera conclusi\u00f3n del foro realizado el pasado martes en el Congreso del Estado de Oaxaca, determin\u00f3 que es necesario reformar la Ley que Regula las Instancias Municipales de las Mujeres en el estado de Oaxaca, vigente desde diciembre de 2020.<\/p>\n<p>Lo anterior para asegurar la asignaci\u00f3n del presupuesto por parte del gobierno municipal respectivo, as\u00ed como los mecanismos de instalaci\u00f3n, seguimiento y evaluaci\u00f3n por parte de la actual Secretar\u00eda de las Mujeres del Poder Ejecutivo.<\/p>\n<p>Las titulares de las Instancias Municipales de las Mujeres (IMM) que participaron en el foro, presentaron sus diferentes puntos de vista y coincidieron en lo importante que ser\u00e1 reformar dicha ley, para seguir luchando por el empoderamiento y respeto de todas las mujeres.<\/p>\n<p>Por su parte &nbsp;Luis Alfonso Silva Romo, presidente de la Junta de Coordinaci\u00f3n Pol\u00edtica, extern\u00f3 su reconocimiento a la labor que realizan todas las mujeres oaxaque\u00f1as.<\/p>\n<p>\u00abHoy &nbsp;me queda muy claro, que en esta reuni\u00f3n integrada &nbsp;por diversas &nbsp;instituciones municipales, se est\u00e1n analizando la din\u00e1mica social y proponiendo mecanismos para llegar y lograr una igualdad plena ante la ley de &nbsp;mujeres y hombres, y una vida libre de violencia hacia las mujeres; por eso celebro esta reuni\u00f3n de suma relevancia para Oaxaca\u00bb, expres\u00f3<span class=\"Apple-converted-space\">&nbsp;<\/span><\/p>\n<p>As\u00ed mismo, las diputadas que lograron Puntos de Acuerdos a favor de las Instancias Municipales de la Mujer para que fueran aprobados por pleno de la 65 Legislatura de urgente y obvia resoluci\u00f3n: Concepci\u00f3n Rueda G\u00f3mez, Mariana Ben\u00edtez Tiburcio y Eva Diego Cruz, ratificaron su compromiso por mejorar las condiciones de estas importantes y fundamentales instituciones, que son la primera l\u00ednea de la erradicaci\u00f3n de las violencias contra las mujeres.<\/p>\n<p>En el Foro IMM convocado por la Presidencia de la Jucopo del Congreso de Oaxaca y el Centro de Estudios de las Mujeres y Paridad de G\u00e9nero (CEMPAG) del mismo, tambi\u00e9n hicieron uso de la palabra, la titular de la Secretar\u00eda de las Mujeres del Gobierno del Estado de Oaxaca, Elisa Zepeda Lagunas y de instancias de todos los rincones de la entidad oaxaque\u00f1a.<\/p>\n<p>Cabe apuntar que el Foro IMM se realiz\u00f3 en seguimiento al Estudio: Condiciones de las Instancias Municipales de las Mujeres en Oaxaca en septiembre de 2022, realizado por el CEMPAG que dirige Adriana Salazar Rivas, y que puede consultarse en: https:\/\/bit.ly\/40K6NkL<\/p>\n<p>El amplio contenido de las participaciones desarrolladas en el foro IMM tambi\u00e9n est\u00e1n disponibles en las transmisiones que de \u00e9l se desarrollaron por parte del Congreso del Estado de Oaxaca en: https:\/\/bit.ly\/3GmA5Ob y el CEMPAG en: <a href=\"https:\/\/bit.ly\/3ZOgo8A\">https:\/\/bit.ly\/3ZOgo8A<\/a><\/p>\n","protected":false},"excerpt":{"rendered":"<p>Redacci\u00f3n\/Zona Roja. Oaxaca de Ju\u00e1rez, Oax., a 6 de abril de 2023.- Integrantes del Poder&hellip;<\/p>\n","protected":false},"author":2,"featured_media":53691,"comment_status":"closed","ping_status":"open","sticky":false,"template":"","format":"standard","meta":{"_lmt_disableupdate":"","_lmt_disable":"","_jetpack_memberships_contains_paid_content":false,"footnotes":""},"categories":[456,46],"tags":[2721],"class_list":["post-53689","post","type-post","status-publish","format-standard","has-post-thumbnail","hentry","category-columna","category-zona-blanca","tag-luis-alfonso-silva-romo"],"jetpack_featured_media_url":"https:\/\/zonaroja.com.mx\/wp-content\/uploads\/2023\/04\/FOTO2-Es-Necesario-reformar-la-Ley.jpeg","jetpack_sharing_enabled":true,"_links":{"self":[{"href":"https:\/\/zonaroja.com.mx\/index.php?rest_route=\/wp\/v2\/posts\/53689","targetHints":{"allow":["GET"]}}],"collection":[{"href":"https:\/\/zonaroja.com.mx\/index.php?rest_route=\/wp\/v2\/posts"}],"about":[{"href":"https:\/\/zonaroja.com.mx\/index.php?rest_route=\/wp\/v2\/types\/post"}],"author":[{"embeddable":true,"href":"https:\/\/zonaroja.com.mx\/index.php?rest_route=\/wp\/v2\/users\/2"}],"replies":[{"embeddable":true,"href":"https:\/\/zonaroja.com.mx\/index.php?rest_route=%2Fwp%2Fv2%2Fcomments&post=53689"}],"version-history":[{"count":2,"href":"https:\/\/zonaroja.com.mx\/index.php?rest_route=\/wp\/v2\/posts\/53689\/revisions"}],"predecessor-version":[{"id":53695,"href":"https:\/\/zonaroja.com.mx\/index.php?rest_route=\/wp\/v2\/posts\/53689\/revisions\/53695"}],"wp:featuredmedia":[{"embeddable":true,"href":"https:\/\/zonaroja.com.mx\/index.php?rest_route=\/wp\/v2\/media\/53691"}],"wp:attachment":[{"href":"https:\/\/zonaroja.com.mx\/index.php?rest_route=%2Fwp%2Fv2%2Fmedia&parent=53689"}],"wp:term":[{"taxonomy":"category","embeddable":true,"href":"https:\/\/zonaroja.com.mx\/index.php?rest_route=%2Fwp%2Fv2%2Fcategories&post=53689"},{"taxonomy":"post_tag","embeddable":true,"href":"https:\/\/zonaroja.com.mx\/index.php?rest_route=%2Fwp%2Fv2%2Ftags&post=53689"}],"curies":[{"name":"wp","href":"https:\/\/api.w.org\/{rel}","templated":true}]}}