{"id":53702,"date":"2023-04-07T10:30:20","date_gmt":"2023-04-07T15:30:20","guid":{"rendered":"http:\/\/www.zonaroja.com.mx\/?p=53702"},"modified":"2023-04-07T07:55:11","modified_gmt":"2023-04-07T12:55:11","slug":"53702","status":"publish","type":"post","link":"https:\/\/zonaroja.com.mx\/?p=53702","title":{"rendered":"Anuncia Fiscal\u00eda de Oaxaca revisi\u00f3n de casos rezagados de agresiones a periodistas"},"content":{"rendered":"<p>Redacci\u00f3n\/Zona Roja.<\/p>\n<p>Oaxaca de Ju\u00e1rez, Oax., a 7 de abril de 2023.- \u00a0La Fiscal\u00eda General del Estado de Oaxaca (FGEO) anunci\u00f3 que, en el marco de los procesos de reingenier\u00eda que implementa, revisar\u00e1 los casos de denuncia pendientes por ataques en contra de periodistas y a la libertad de expresi\u00f3n.<\/p>\n<p>Asimismo, a trav\u00e9s de un comunicado, confirm\u00f3 el inicio de la Carpeta de Investigaci\u00f3n tras la denuncia de ataques al reportero Ala\u00edn Albarr\u00e1n Granados, registrado el pasado mi\u00e9rcoles en la Heroica Ciudad de Tlaxiaco.<\/p>\n<p>De la misma manera, solicit\u00f3 a las autoridades municipales la implementaci\u00f3n de medidas de protecci\u00f3n a favor del comunicador, entre las cuales se incluyen vigilancia en el domicilio y auxilio inmediato.<\/p>\n<p>Refrend\u00f3 el compromiso con la procuraci\u00f3n de justicia para personas v\u00edctimas de delitos que atentan contra la libertad de expresi\u00f3n pues, con ello, se contribuye en la construcci\u00f3n de sociedades cr\u00edticas, plurales y respetuosas de los derechos humanos.<\/p>\n<p>En este marco, el fiscal General de Oaxaca, Bernardo Rodr\u00edguez Alamilla, afirm\u00f3 que como parte de la reingenier\u00eda institucional, la procuraci\u00f3n de justicia en casos de agravios cometidos contra las y los periodistas, es fundamental.<\/p>\n<p>En su comunicado, asegur\u00f3 que cuando se agrede a una persona periodista, este hecho implica un menoscabo para la sociedad en su conjunto, ya que se pretende acallar una voz que permite a la ciudadan\u00eda contar con informaci\u00f3n para la toma de decisiones.<\/p>\n<p>De la misma forma, sostuvo que en la administraci\u00f3n que encabeza se revisar\u00e1n las Carpetas de Investigaci\u00f3n de casos de agresiones cometidas contra periodistas, puesto que abatir la impunidad es prioritario para evitar la repetici\u00f3n de estos hechos, y as\u00ed contribuir en el ejercicio de la libertad\u00a0de\u00a0expresi\u00f3n.<\/p>\n","protected":false},"excerpt":{"rendered":"<p>Redacci\u00f3n\/Zona Roja. Oaxaca de Ju\u00e1rez, Oax., a 7 de abril de 2023.- \u00a0La Fiscal\u00eda General&hellip;<\/p>\n","protected":false},"author":2,"featured_media":15988,"comment_status":"closed","ping_status":"open","sticky":false,"template":"","format":"standard","meta":{"_lmt_disableupdate":"","_lmt_disable":"","_jetpack_memberships_contains_paid_content":false,"footnotes":""},"categories":[109,46],"tags":[1262,494],"class_list":["post-53702","post","type-post","status-publish","format-standard","has-post-thumbnail","hentry","category-minuto-a-minuto","category-zona-blanca","tag-bernardo-rodriguez-alamilla","tag-fiscalia-general-del-estado-de-oaxaca"],"jetpack_featured_media_url":"https:\/\/zonaroja.com.mx\/wp-content\/uploads\/2020\/08\/Bernardo-Rodr\u00edguez-Alamilla.png","jetpack_sharing_enabled":true,"_links":{"self":[{"href":"https:\/\/zonaroja.com.mx\/index.php?rest_route=\/wp\/v2\/posts\/53702","targetHints":{"allow":["GET"]}}],"collection":[{"href":"https:\/\/zonaroja.com.mx\/index.php?rest_route=\/wp\/v2\/posts"}],"about":[{"href":"https:\/\/zonaroja.com.mx\/index.php?rest_route=\/wp\/v2\/types\/post"}],"author":[{"embeddable":true,"href":"https:\/\/zonaroja.com.mx\/index.php?rest_route=\/wp\/v2\/users\/2"}],"replies":[{"embeddable":true,"href":"https:\/\/zonaroja.com.mx\/index.php?rest_route=%2Fwp%2Fv2%2Fcomments&post=53702"}],"version-history":[{"count":3,"href":"https:\/\/zonaroja.com.mx\/index.php?rest_route=\/wp\/v2\/posts\/53702\/revisions"}],"predecessor-version":[{"id":53713,"href":"https:\/\/zonaroja.com.mx\/index.php?rest_route=\/wp\/v2\/posts\/53702\/revisions\/53713"}],"wp:featuredmedia":[{"embeddable":true,"href":"https:\/\/zonaroja.com.mx\/index.php?rest_route=\/wp\/v2\/media\/15988"}],"wp:attachment":[{"href":"https:\/\/zonaroja.com.mx\/index.php?rest_route=%2Fwp%2Fv2%2Fmedia&parent=53702"}],"wp:term":[{"taxonomy":"category","embeddable":true,"href":"https:\/\/zonaroja.com.mx\/index.php?rest_route=%2Fwp%2Fv2%2Fcategories&post=53702"},{"taxonomy":"post_tag","embeddable":true,"href":"https:\/\/zonaroja.com.mx\/index.php?rest_route=%2Fwp%2Fv2%2Ftags&post=53702"}],"curies":[{"name":"wp","href":"https:\/\/api.w.org\/{rel}","templated":true}]}}