{"id":53706,"date":"2023-04-07T07:30:36","date_gmt":"2023-04-07T12:30:36","guid":{"rendered":"http:\/\/www.zonaroja.com.mx\/?p=53706"},"modified":"2023-04-07T08:39:56","modified_gmt":"2023-04-07T13:39:56","slug":"53706","status":"publish","type":"post","link":"https:\/\/zonaroja.com.mx\/?p=53706","title":{"rendered":"Saldo blanco, en megaincendios ocurridos en Cdmx y en Tijuana"},"content":{"rendered":"<p style=\"margin: 0px;font-size: 13px;line-height: normal;font-family: Helvetica\">Redacci\u00f3n\/Zona Roja Cdmx.<\/p>\n<p style=\"margin: 0px;font-size: 13px;line-height: normal;font-family: Helvetica\">Ciudad de M\u00e9xico, a 7 de abril de 2023.- Un incendio en la Central de Abastos de la Ciudad de M\u00e9xico, ubicada en la alcald\u00eda Iztapalapa, se registr\u00f3 la noche de este jueves 6 de abril sin que, hasta el momento, se tenga informaci\u00f3n respecto al origen del siniestro.<\/p>\n<p style=\"margin: 0px;font-size: 13px;line-height: normal;font-family: Helvetica\">De acuerdo con los reportes oficiales, el fuego comenz\u00f3 en tres bodegas en las que se almacenaban tarimas de madera, envases vac\u00edos, semillas, PET y carb\u00f3n, ubicadas en el Eje 5 Sur y la calle Cazuelas. Despu\u00e9s de casi cinco horas de combate, el Cuerpo de Bomberos de la capital inform\u00f3 que las llamas fueron controladas en su totalidad.<\/p>\n<p style=\"margin: 0px;font-size: 13px;line-height: normal;font-family: Helvetica\">La informaci\u00f3n que comenz\u00f3 a circular en las plataformas digitales asegur\u00f3 que las llamas consumieron principalmente huacales y tarimas de madera, las cuales son utilizadas para el transporte de frutas y verduras dentro del gran mercado; no obstante, no se escuch\u00f3 ninguna explosi\u00f3n.<\/p>\n<p style=\"margin: 0px;font-size: 13px;line-height: normal;font-family: Helvetica\">Alrededor de las 21:00 horas se report\u00f3 que un elemento del Cuerpo de Bomberos result\u00f3 lesionado en un brazo, adem\u00e1s de haber tenido algunas complicaciones por intoxicaci\u00f3n, pues se encontraba en la primera l\u00ednea de combate al fuego.<\/p>\n<p style=\"margin: 0px;font-size: 13px;line-height: normal;font-family: Helvetica\">M\u00e1s tarde, la autoridad detall\u00f3 que en total fueron dos bomberos los que tuvieron que recibir atenci\u00f3n por inhalaci\u00f3n de humo, mientras que se le brind\u00f3 apoyo a cuatro personas por crisis nerviosa. Ninguno de los casos amerit\u00f3 traslado a un hospital.<\/p>\n<p style=\"margin: 0px;font-size: 13px;line-height: normal;font-family: Helvetica\">Para el combate a la conflagraci\u00f3n, seg\u00fan afirm\u00f3 Claudia Sheinbaum Pardo, se utilizaron cerca de 90 pipas de agua, varias de las cuales fueron proporcionadas por otras alcald\u00edas de la ciudad, as\u00ed como por los municipios de Nezahualc\u00f3yotl, Ecatepec y Valle de Chalco.<\/p>\n<p style=\"margin: 0px;font-size: 13px;line-height: normal;font-family: Helvetica\">EN TIJUANA<\/p>\n<p style=\"margin: 0px;font-size: 13px;line-height: normal;font-family: Helvetica\">La tarde de este jueves 6 de abril hubo un fuerte incendio en una planta recicladora de cart\u00f3n en Tijuana, Baja California. El fuego comenz\u00f3 en bulevar D\u00edaz Ordaz, en las inmediaciones de la zona industrial Los Pinos.<\/p>\n<p style=\"margin: 0px;font-size: 13px;line-height: normal;font-family: Helvetica\">Las autoridades informaron a medios locales que ninguna persona result\u00f3 lesionada durante el siniestro. Fueron evacuadas 240 personas de empresas cercanas; 70 de Earliste y 170 de Biotec, seg\u00fan informaci\u00f3n difundida por la reportera Alejandra Guerra en redes sociales.<\/p>\n<p style=\"margin: 0px;font-size: 13px;line-height: normal;font-family: Helvetica\">Hasta el lugar arribaron bomberos, polic\u00edas municipales y estatales, param\u00e9dicos de la Cruz Roja Mexicana, equipo de la Comisi\u00f3n Federal de Electricidad (CFE) y personal de Protecci\u00f3n Civil que acordon\u00f3 el \u00e1rea.<\/p>\n<p style=\"margin: 0px;font-size: 13px;line-height: normal;font-family: Helvetica\">Para controlar el fuego fue necesaria la intervenci\u00f3n de colaboradores de 6 estaciones de la Direcci\u00f3n de Bomberos de Tijuana.<\/p>\n<p style=\"margin: 0px;font-size: 13px;line-height: normal;font-family: Helvetica\">(Informaci\u00f3n de Infobae M\u00e9xico)<\/p>\n","protected":false},"excerpt":{"rendered":"<p>Redacci\u00f3n\/Zona Roja Cdmx. Ciudad de M\u00e9xico, a 7 de abril de 2023.- Un incendio en&hellip;<\/p>\n","protected":false},"author":2,"featured_media":53709,"comment_status":"closed","ping_status":"open","sticky":false,"template":"","format":"standard","meta":{"_lmt_disableupdate":"","_lmt_disable":"","_jetpack_memberships_contains_paid_content":false,"footnotes":""},"categories":[109,47],"tags":[1111],"class_list":["post-53706","post","type-post","status-publish","format-standard","has-post-thumbnail","hentry","category-minuto-a-minuto","category-zona-gris","tag-ciudad-de-mexico"],"jetpack_featured_media_url":"https:\/\/zonaroja.com.mx\/wp-content\/uploads\/2023\/04\/Incendio-Central-de-Abasto-Cdmx-y-Tijuana.jpg","jetpack_sharing_enabled":true,"_links":{"self":[{"href":"https:\/\/zonaroja.com.mx\/index.php?rest_route=\/wp\/v2\/posts\/53706","targetHints":{"allow":["GET"]}}],"collection":[{"href":"https:\/\/zonaroja.com.mx\/index.php?rest_route=\/wp\/v2\/posts"}],"about":[{"href":"https:\/\/zonaroja.com.mx\/index.php?rest_route=\/wp\/v2\/types\/post"}],"author":[{"embeddable":true,"href":"https:\/\/zonaroja.com.mx\/index.php?rest_route=\/wp\/v2\/users\/2"}],"replies":[{"embeddable":true,"href":"https:\/\/zonaroja.com.mx\/index.php?rest_route=%2Fwp%2Fv2%2Fcomments&post=53706"}],"version-history":[{"count":2,"href":"https:\/\/zonaroja.com.mx\/index.php?rest_route=\/wp\/v2\/posts\/53706\/revisions"}],"predecessor-version":[{"id":53722,"href":"https:\/\/zonaroja.com.mx\/index.php?rest_route=\/wp\/v2\/posts\/53706\/revisions\/53722"}],"wp:featuredmedia":[{"embeddable":true,"href":"https:\/\/zonaroja.com.mx\/index.php?rest_route=\/wp\/v2\/media\/53709"}],"wp:attachment":[{"href":"https:\/\/zonaroja.com.mx\/index.php?rest_route=%2Fwp%2Fv2%2Fmedia&parent=53706"}],"wp:term":[{"taxonomy":"category","embeddable":true,"href":"https:\/\/zonaroja.com.mx\/index.php?rest_route=%2Fwp%2Fv2%2Fcategories&post=53706"},{"taxonomy":"post_tag","embeddable":true,"href":"https:\/\/zonaroja.com.mx\/index.php?rest_route=%2Fwp%2Fv2%2Ftags&post=53706"}],"curies":[{"name":"wp","href":"https:\/\/api.w.org\/{rel}","templated":true}]}}