{"id":53711,"date":"2023-04-07T09:47:00","date_gmt":"2023-04-07T14:47:00","guid":{"rendered":"http:\/\/www.zonaroja.com.mx\/?p=53711"},"modified":"2023-04-07T09:06:01","modified_gmt":"2023-04-07T14:06:01","slug":"53711","status":"publish","type":"post","link":"https:\/\/zonaroja.com.mx\/?p=53711","title":{"rendered":"En la b\u00fasqueda de 23 turistas desaparecidos en SLP, hallan 51 personas"},"content":{"rendered":"<p>Redacci\u00f3n\/Zona Roja Cdmx.<\/p>\n<p>Ciudad de M\u00e9xico, a 7 de abril de 2023.- Las autoridades de San Luis Potos\u00ed buscaban el jueves por tierra y aire a m\u00e1s de 20 personas que viajaban en dos camionetas y que fueron denunciadas como desaparecidas a su paso por el estado, pero en esas labores localizaron a 51 supuestas v\u00edctimas de diferentes delitos, dijo el gobierno federal en un comunicado.<\/p>\n<p>Lo curioso es que nadie hab\u00eda reportado la desaparici\u00f3n del resto de personas, que las autoridades solo identificaron a uno de los individuos localizados y que durante dos d\u00edas se sucedieron informaciones contradictorias en una zona de M\u00e9xico que es una ruta clave hacia Estados Unidos y de intensa actividad del crimen organizado.<\/p>\n<p>Todo empez\u00f3 el martes, cuando la empresa de renta de veh\u00edculos y servicios de turismo Grupo Eifel denunci\u00f3 el secuestro de m\u00e1s de 20 personas, incluidos dos de sus empleados que viajaban en dos camionetas de la compa\u00f1\u00eda con destino a Saltillo, Coahuila.<\/p>\n<p>Seg\u00fan explic\u00f3 el representante legal de la empresa, Adri\u00e1n Gonz\u00e1lez, el grupo, formado por hombres adultos, hab\u00eda salido el lunes por la ma\u00f1ana de San Felipe, Guanajuato, en una camioneta con capacidad para 15 personas y en otra de seis pasajeros, la primera de ellas con GPS.<\/p>\n<p>Durante la madrugada del martes se dieron cuenta de que el veh\u00edculo con localizador estaba parado en San Luis Potos\u00ed, lo que preocup\u00f3 a la empresa. La alarma creci\u00f3 al no poder contactar a los conductores.<\/p>\n<p>Gonz\u00e1lez explic\u00f3 que uno de sus hermanos recibi\u00f3 una llamada de quien contrat\u00f3 el servicio, que era uno de los pasajeros, en la que dec\u00eda que individuos del crimen organizado los hab\u00edan capturado y que ped\u00edan 60 mil pesos por cada uno para liberarlos. Tambi\u00e9n cont\u00f3 que a los choferes los ten\u00edan en un lugar aparte.<\/p>\n<p>Gonz\u00e1lez, que dijo desconocer a qu\u00e9 se dedicaba quien contrat\u00f3 sus servicios, present\u00f3 el martes una denuncia en la fiscal\u00eda de Guanajuato y se comunic\u00f3 con la Guardia Nacional, que ese mismo d\u00eda localiz\u00f3 una de las camionetas en Matehuala, en San Luis Potos\u00ed, pero sin nadie a bordo, seg\u00fan el reporte del cuerpo militar que Gonz\u00e1lez recibi\u00f3.<\/p>\n<p>Cuando la denuncia trascendi\u00f3 p\u00fablicamente el mi\u00e9rcoles, las autoridades gubernamentales de Guanajuato y San Luis Potos\u00ed anunciaron trabajos conjuntos de rastreo, a los que posteriormente se unieron fuerzas federales, pero en el operativo se dio con m\u00e1s gente de la que buscaban.<\/p>\n<p>La fiscal\u00eda de San Luis Potos\u00ed dijo el mi\u00e9rcoles que localiz\u00f3 a 16 individuos v\u00edctimas de robo, y el jueves apunt\u00f3 que hall\u00f3 a dos grupos de posibles migrantes que estaban retenidos, adem\u00e1s de incautar cinco camionetas y armas largas.<\/p>\n<p>Las autoridades no aclararon si se trataba de las personas que fueron denunciadas como desaparecidas por el Grupo Eifel hasta que un comunicado emitido por el gobierno federal el jueves en la noche identific\u00f3 a Luis Felipe Mac\u00edas Arriaga, el conductor de uno de los veh\u00edculos que supuestamente llevaba a los migrantes.<\/p>\n<p>Gonz\u00e1lez confirm\u00f3 que Mac\u00edas Arriaga era el chofer de una de sus camionetas y, tras hablar con los familiares de algunos de los desaparecidos en los \u00faltimos d\u00edas, indic\u00f3 que los pasajeros no eran migrantes indocumentados sino vecinos de ranchos de Guanajuato. Desconoc\u00eda si planeaban emigrar a Estados Unidos porque solo dijeron que iban a Saltillo a trabajar, se\u00f1al\u00f3.<\/p>\n<p>\u00abEsperamos ya tener comunicaci\u00f3n con nuestro operador, que nos narre su experiencia\u00bb y tener m\u00e1s informaci\u00f3n para aclarar lo ocurrido, afirm\u00f3 el empresario, que dijo que nunca hab\u00eda vivido una situaci\u00f3n similar.<\/p>\n<p>(Con informaci\u00f3n de AP, en \u201cEl Heraldo de M\u00e9xico\u201d)<\/p>\n","protected":false},"excerpt":{"rendered":"<p>Redacci\u00f3n\/Zona Roja Cdmx. Ciudad de M\u00e9xico, a 7 de abril de 2023.- Las autoridades de&hellip;<\/p>\n","protected":false},"author":2,"featured_media":53708,"comment_status":"closed","ping_status":"open","sticky":false,"template":"","format":"standard","meta":{"_lmt_disableupdate":"","_lmt_disable":"","_jetpack_memberships_contains_paid_content":false,"footnotes":""},"categories":[109,47],"tags":[3491],"class_list":["post-53711","post","type-post","status-publish","format-standard","has-post-thumbnail","hentry","category-minuto-a-minuto","category-zona-gris","tag-san-luis-potosi"],"jetpack_featured_media_url":"https:\/\/zonaroja.com.mx\/wp-content\/uploads\/2023\/04\/Rescatados-San-Luis-Potosi.jpg","jetpack_sharing_enabled":true,"_links":{"self":[{"href":"https:\/\/zonaroja.com.mx\/index.php?rest_route=\/wp\/v2\/posts\/53711","targetHints":{"allow":["GET"]}}],"collection":[{"href":"https:\/\/zonaroja.com.mx\/index.php?rest_route=\/wp\/v2\/posts"}],"about":[{"href":"https:\/\/zonaroja.com.mx\/index.php?rest_route=\/wp\/v2\/types\/post"}],"author":[{"embeddable":true,"href":"https:\/\/zonaroja.com.mx\/index.php?rest_route=\/wp\/v2\/users\/2"}],"replies":[{"embeddable":true,"href":"https:\/\/zonaroja.com.mx\/index.php?rest_route=%2Fwp%2Fv2%2Fcomments&post=53711"}],"version-history":[{"count":2,"href":"https:\/\/zonaroja.com.mx\/index.php?rest_route=\/wp\/v2\/posts\/53711\/revisions"}],"predecessor-version":[{"id":53723,"href":"https:\/\/zonaroja.com.mx\/index.php?rest_route=\/wp\/v2\/posts\/53711\/revisions\/53723"}],"wp:featuredmedia":[{"embeddable":true,"href":"https:\/\/zonaroja.com.mx\/index.php?rest_route=\/wp\/v2\/media\/53708"}],"wp:attachment":[{"href":"https:\/\/zonaroja.com.mx\/index.php?rest_route=%2Fwp%2Fv2%2Fmedia&parent=53711"}],"wp:term":[{"taxonomy":"category","embeddable":true,"href":"https:\/\/zonaroja.com.mx\/index.php?rest_route=%2Fwp%2Fv2%2Fcategories&post=53711"},{"taxonomy":"post_tag","embeddable":true,"href":"https:\/\/zonaroja.com.mx\/index.php?rest_route=%2Fwp%2Fv2%2Ftags&post=53711"}],"curies":[{"name":"wp","href":"https:\/\/api.w.org\/{rel}","templated":true}]}}