{"id":53715,"date":"2023-04-07T13:00:46","date_gmt":"2023-04-07T18:00:46","guid":{"rendered":"http:\/\/www.zonaroja.com.mx\/?p=53715"},"modified":"2023-04-07T17:06:14","modified_gmt":"2023-04-07T22:06:14","slug":"53715","status":"publish","type":"post","link":"https:\/\/zonaroja.com.mx\/?p=53715","title":{"rendered":"Condena la ONU muerte de migrantes por incendio, en Ciudad Ju\u00e1rez"},"content":{"rendered":"<p>Redacci\u00f3n\/Zona Roja Cdmx.<\/p>\n<p>Ciudad de M\u00e9xico, a 7 de abril de 2023.- El Comit\u00e9 de la Organizaci\u00f3n de las Naciones Unidas para la Protecci\u00f3n de los Derechos de Todos los Trabajadores Migratorios y Sus Familias, y el Relator Especial de la ONU sobre Derechos Humanos, condenaron los hechos ocurridos en la estaci\u00f3n migratoria de Ciudad Ju\u00e1rez, Chihuahua, que llevaron a la muerte de 40 migrantes y solicitantes de asilo y pidieron que se realicen investigaciones prontas, exhaustivas e independientes sobre lo ocurrido.<\/p>\n<p>En un comunicado, adem\u00e1s de externar sus profundas condolencias a las familias de las v\u00edctimas, los expertos, declararon que los tr\u00e1gicos hechos \u00abrequieren una investigaci\u00f3n pronta, exhaustiva e independiente\u00bb, pues \u00abse produjeron bajo la custodia de autoridades estatales, ya que las personas fallecidas y heridas fueron privadas de libertad en el marco de la implementaci\u00f3n de la pol\u00edtica migratoria.<\/p>\n<p>Mencionaron que el Comit\u00e9, durante 2017, expres\u00f3 su preocupaci\u00f3n por el uso generalizado de la detenci\u00f3n migratoria y las condiciones de las personas retenidas en los centros de detenci\u00f3n conocidos como estaciones migratorias, esto durante la evaluaci\u00f3n del tercer informe peri\u00f3dico presentado por el Estado mexicano.<\/p>\n<p>En esa ocasi\u00f3n, los expertos recomendaron que se desarrollara un plan de acci\u00f3n para asegurar que la detenci\u00f3n de migrantes fuera una medida de \u00faltimo recurso y que se realizara por el menor tiempo posible; adem\u00e1s, garantizar condiciones dignas y adecuadas en las instalaciones, eliminando el uso de celdas de castigo y \u201cponiendo fin a las situaciones de hacinamiento y superpoblaci\u00f3n\u201d.<\/p>\n<p>Por otro lado, dieron a conocer que, en octubre del a\u00f1o pasado, el Comit\u00e9 inst\u00f3 a M\u00e9xico a implementar un plan de acci\u00f3n \u201credoblando esfuerzos para garantizar condiciones adecuadas en los centros de detenci\u00f3n de migrantes, incluyendo la ausencia de cualquier forma de sanci\u00f3n, aislamiento o pr\u00e1cticas similares\u201d.<\/p>\n<p>Tambi\u00e9n, se recomend\u00f3 la adopci\u00f3n de todas las medidas apropiadas para evitar los abusos a los derechos humanos en dichas estaciones migratorias, investigando con prontitud e independencia cuando ocurriesen, imponiendo sanciones y brindando medidas de reparaci\u00f3n a las v\u00edctimas.<\/p>\n<p>Ante los hechos ocurridos en Ciudad Ju\u00e1rez, los expertos exhortaron al Estado a implementar las recomendaciones mencionadas en beneficio de la poblaci\u00f3n migrante y de sus familiares. Adem\u00e1s, instaron a las autoridades a \u201crecabar adecuadamente las pruebas sobre las causas de las muertes, identificar debidamente a las v\u00edctimas e informar a sus familiares, y brindar el apoyo necesario para el traslado de los cuerpos\u201d.<\/p>\n<p>Mientras que para los lesionados solicitaron que se les brinde atenci\u00f3n m\u00e9dica y psicol\u00f3gica necesaria para su pronta y total recuperaci\u00f3n.<\/p>\n<p>(Informaci\u00f3n de \u201cEl Economista\u201d)<\/p>\n","protected":false},"excerpt":{"rendered":"<p>Redacci\u00f3n\/Zona Roja Cdmx. Ciudad de M\u00e9xico, a 7 de abril de 2023.- El Comit\u00e9 de&hellip;<\/p>\n","protected":false},"author":2,"featured_media":53716,"comment_status":"closed","ping_status":"open","sticky":false,"template":"","format":"standard","meta":{"_lmt_disableupdate":"","_lmt_disable":"","_jetpack_memberships_contains_paid_content":false,"footnotes":""},"categories":[1,47],"tags":[3492],"class_list":["post-53715","post","type-post","status-publish","format-standard","has-post-thumbnail","hentry","category-sin-categoria","category-zona-gris","tag-migrantes-ciudad-juarez"],"jetpack_featured_media_url":"https:\/\/zonaroja.com.mx\/wp-content\/uploads\/2023\/04\/Migrantes-incendio-Ciudad-Juarez.jpeg","jetpack_sharing_enabled":true,"_links":{"self":[{"href":"https:\/\/zonaroja.com.mx\/index.php?rest_route=\/wp\/v2\/posts\/53715","targetHints":{"allow":["GET"]}}],"collection":[{"href":"https:\/\/zonaroja.com.mx\/index.php?rest_route=\/wp\/v2\/posts"}],"about":[{"href":"https:\/\/zonaroja.com.mx\/index.php?rest_route=\/wp\/v2\/types\/post"}],"author":[{"embeddable":true,"href":"https:\/\/zonaroja.com.mx\/index.php?rest_route=\/wp\/v2\/users\/2"}],"replies":[{"embeddable":true,"href":"https:\/\/zonaroja.com.mx\/index.php?rest_route=%2Fwp%2Fv2%2Fcomments&post=53715"}],"version-history":[{"count":2,"href":"https:\/\/zonaroja.com.mx\/index.php?rest_route=\/wp\/v2\/posts\/53715\/revisions"}],"predecessor-version":[{"id":53729,"href":"https:\/\/zonaroja.com.mx\/index.php?rest_route=\/wp\/v2\/posts\/53715\/revisions\/53729"}],"wp:featuredmedia":[{"embeddable":true,"href":"https:\/\/zonaroja.com.mx\/index.php?rest_route=\/wp\/v2\/media\/53716"}],"wp:attachment":[{"href":"https:\/\/zonaroja.com.mx\/index.php?rest_route=%2Fwp%2Fv2%2Fmedia&parent=53715"}],"wp:term":[{"taxonomy":"category","embeddable":true,"href":"https:\/\/zonaroja.com.mx\/index.php?rest_route=%2Fwp%2Fv2%2Fcategories&post=53715"},{"taxonomy":"post_tag","embeddable":true,"href":"https:\/\/zonaroja.com.mx\/index.php?rest_route=%2Fwp%2Fv2%2Ftags&post=53715"}],"curies":[{"name":"wp","href":"https:\/\/api.w.org\/{rel}","templated":true}]}}