{"id":53720,"date":"2023-04-07T12:25:46","date_gmt":"2023-04-07T17:25:46","guid":{"rendered":"http:\/\/www.zonaroja.com.mx\/?p=53720"},"modified":"2023-04-07T17:09:31","modified_gmt":"2023-04-07T22:09:31","slug":"53720","status":"publish","type":"post","link":"https:\/\/zonaroja.com.mx\/?p=53720","title":{"rendered":"Tras la pandemia, regresan los viacrucis de Semana Santa"},"content":{"rendered":"<p>Redacci\u00f3n\/Zona Roja.<\/p>\n<p>Oaxaca de Ju\u00e1rez, Oax., a 7 de abril de 2023.- Luego de tres a\u00f1os de confinamiento a causa del Covid-19, los viacrucis de la Semana Santa regresaron a las calles.<\/p>\n<p>Tlalixtac de Cabrera, uno de los municipios de Oaxaca, fue de los m\u00e1s concurridos por la propia poblaci\u00f3n y visitantes, al realizar una representaci\u00f3n en vivo por las principales calles.<\/p>\n<p>De la Iglesia cat\u00f3lica principal, a un costado del parque central, parti\u00f3 el viacrucis que recorri\u00f3 diversas calles c\u00e9ntricas y durante el transcurso se escenificaron los paisajes b\u00edblicos, que inclu\u00edan latigazos reales a quien llev\u00f3 la representaci\u00f3n de Jesucristo.<\/p>\n<p>Tambi\u00e9n en la ciudad de Oaxaca se llev\u00f3 a cabo una representaci\u00f3n, que recorri\u00f3 las principales calles del Centro Hist\u00f3rico.<\/p>\n<p>Aunque hubo un importante n\u00famero de turistas, ahora no lucieron tan abarrotadas las vialidades como en a\u00f1os anteriores previo a la pandemia.<\/p>\n<p>A pesar del intenso sol, muchas personas acompa\u00f1aron y otro tanto presenci\u00f3 el peregrinar por las calles capitalinas.<\/p>\n<p>Otro caso de asistencia relevante de fieles cat\u00f3licos fue en San Juan Chapultepec, agencia municipal de Oaxaca de Ju\u00e1rez, donde tambi\u00e9n se llev\u00f3 a cabo una escenificaci\u00f3n real.<\/p>\n<p>En todos los municipios de Oaxaca, al igual que en M\u00e9xico, se realizaron estas jornadas de la fe cat\u00f3lica, con miles de asistentes.<\/p>\n<p>Las autoridades reportaron saldo blanco por esta festividad religiosa, que representa la crucifixi\u00f3n y muerte de Jesucristo, seg\u00fan la creencia cat\u00f3lica.<\/p>\n<p><s>https:\/\/twitter.com\/zonaroja_oaxaca\/status\/1644449733170155520?s=46&amp;t=NSC9DgVZqVgwfDd_PrV_LQ<br \/>\n<\/s><\/p>\n","protected":false},"excerpt":{"rendered":"<p>Redacci\u00f3n\/Zona Roja. Oaxaca de Ju\u00e1rez, Oax., a 7 de abril de 2023.- Luego de tres&hellip;<\/p>\n","protected":false},"author":2,"featured_media":53731,"comment_status":"closed","ping_status":"open","sticky":false,"template":"","format":"standard","meta":{"_lmt_disableupdate":"","_lmt_disable":"","_jetpack_memberships_contains_paid_content":false,"footnotes":""},"categories":[109,46],"tags":[3494],"class_list":["post-53720","post","type-post","status-publish","format-standard","has-post-thumbnail","hentry","category-minuto-a-minuto","category-zona-blanca","tag-semana-santa-oaxaca"],"jetpack_featured_media_url":"https:\/\/zonaroja.com.mx\/wp-content\/uploads\/2023\/04\/b04bba11-487c-44a3-a2f4-8fd2bdadc1f3.jpg","jetpack_sharing_enabled":true,"_links":{"self":[{"href":"https:\/\/zonaroja.com.mx\/index.php?rest_route=\/wp\/v2\/posts\/53720","targetHints":{"allow":["GET"]}}],"collection":[{"href":"https:\/\/zonaroja.com.mx\/index.php?rest_route=\/wp\/v2\/posts"}],"about":[{"href":"https:\/\/zonaroja.com.mx\/index.php?rest_route=\/wp\/v2\/types\/post"}],"author":[{"embeddable":true,"href":"https:\/\/zonaroja.com.mx\/index.php?rest_route=\/wp\/v2\/users\/2"}],"replies":[{"embeddable":true,"href":"https:\/\/zonaroja.com.mx\/index.php?rest_route=%2Fwp%2Fv2%2Fcomments&post=53720"}],"version-history":[{"count":3,"href":"https:\/\/zonaroja.com.mx\/index.php?rest_route=\/wp\/v2\/posts\/53720\/revisions"}],"predecessor-version":[{"id":53732,"href":"https:\/\/zonaroja.com.mx\/index.php?rest_route=\/wp\/v2\/posts\/53720\/revisions\/53732"}],"wp:featuredmedia":[{"embeddable":true,"href":"https:\/\/zonaroja.com.mx\/index.php?rest_route=\/wp\/v2\/media\/53731"}],"wp:attachment":[{"href":"https:\/\/zonaroja.com.mx\/index.php?rest_route=%2Fwp%2Fv2%2Fmedia&parent=53720"}],"wp:term":[{"taxonomy":"category","embeddable":true,"href":"https:\/\/zonaroja.com.mx\/index.php?rest_route=%2Fwp%2Fv2%2Fcategories&post=53720"},{"taxonomy":"post_tag","embeddable":true,"href":"https:\/\/zonaroja.com.mx\/index.php?rest_route=%2Fwp%2Fv2%2Ftags&post=53720"}],"curies":[{"name":"wp","href":"https:\/\/api.w.org\/{rel}","templated":true}]}}