{"id":53733,"date":"2023-04-07T20:06:31","date_gmt":"2023-04-08T01:06:31","guid":{"rendered":"http:\/\/www.zonaroja.com.mx\/?p=53733"},"modified":"2023-04-07T20:11:19","modified_gmt":"2023-04-08T01:11:19","slug":"en-oaxaca-hay-una-red-de-funcionarios-que-comparten-imagenes-sexuales-de-mujeres-mixes","status":"publish","type":"post","link":"https:\/\/zonaroja.com.mx\/?p=53733","title":{"rendered":"En Oaxaca hay una red de funcionarios que comparten im\u00e1genes sexuales de mujeres mixes"},"content":{"rendered":"\n<p>Redacci\u00f3n\/Zona Roja Cdmx<\/p>\n\n\n\n<p>Ciudad de M\u00e9xico, a 7 de abril de 2023.- Este jueves la abogada, Sandra Dom\u00ednguez, afirm\u00f3 que en el estado de Oaxaca existe una red de funcionarios que opera desde el a\u00f1o 2020 y que por medio de un grupo llamado \u201cSierra XXX\u201d, en WhatsApp, invitan a funcionarios a compartir im\u00e1genes de mujeres mixes e incluso pornograf\u00eda.<\/p>\n\n\n\n<p>Ante el hecho, se\u00f1al\u00f3 que, a pesar de las denuncias, el gobernador del estado de Oaxaca, Salom\u00f3n Jara, ha protegido al funcionario Donato Vargas, a quien la abogada calific\u00f3 como el funcionario que encabeza esta agresi\u00f3n reiterada hacia las mujeres.<\/p>\n\n\n\n<p>\u201cTambi\u00e9n se suma a esta denuncia la expareja de Donato Vargas, ella est\u00e1 muy asustada porque en todo momento no ha recibido la atenci\u00f3n que deber\u00eda de recibir con la Fiscal\u00eda del estado (\u2026) En esta administraci\u00f3n, a pesar de que ha habido estas denuncias, tanto p\u00fablicas como ante la Fiscal\u00eda, el gobernador del estado de Oaxaca ha protegido a este se\u00f1or, a este funcionario que encabeza esta agresi\u00f3n reiterada hacia las mujeres\u201d, explic\u00f3.<\/p>\n\n\n\n<p>En entrevista para Astillero Informa, Dom\u00ednguez tambi\u00e9n argument\u00f3 que la protecci\u00f3n que tienen los involucrados es terrible, pues acosan, hostigan e incluso intimidan, por lo que hasta el momento existe demasiada impunidad respecto al caso.<\/p>\n\n\n\n<p>\u201cNo hemos visto que haya una acci\u00f3n, hay omisiones, hay mucha impunidad en esta administraci\u00f3n que llevan de 4 meses, hay incremento de feminicidios, el Congreso incluso se ha pronunciado para que estos funcionarios renuncien, y lo que vemos es que hay impunidad; el mensaje que est\u00e1 dando este gobierno es de impunidad\u201d, indic\u00f3.<\/p>\n\n\n\n<p>Por su parte, la denunciante Aracely Cruz, declar\u00f3 que se realizar\u00e1 una solicitud para que el gobernador de Oaxaca atienda a todo el colectivo que sigue en lucha para resolver el tema y poder presentarle la lista de las personas involucradas; pues ella tambi\u00e9n ha sido v\u00edctima.<\/p>\n\n\n\n<p>\u201cEn principio hacerle una solicitud al gobernador que nos atienda, a todo el colectivo que estamos en la lucha, para presentarle la lista de los involucrados que nosotros tenemos identificados en estos grupos de WhatsApp, y que ahorita forman parte de su gobierno\u201d, concret\u00f3.<\/p>\n\n\n\n<p>(Informaci\u00f3n de Astillero Informa)<\/p>\n","protected":false},"excerpt":{"rendered":"<p>Redacci\u00f3n\/Zona Roja Cdmx Ciudad de M\u00e9xico, a 7 de abril de 2023.- Este jueves la&hellip;<\/p>\n","protected":false},"author":2,"featured_media":49350,"comment_status":"closed","ping_status":"open","sticky":false,"template":"","format":"standard","meta":{"_lmt_disableupdate":"","_lmt_disable":"","_jetpack_memberships_contains_paid_content":false,"footnotes":""},"categories":[109,47],"tags":[3355],"class_list":["post-53733","post","type-post","status-publish","format-standard","has-post-thumbnail","hentry","category-minuto-a-minuto","category-zona-gris","tag-donato-vargas"],"jetpack_featured_media_url":"https:\/\/zonaroja.com.mx\/wp-content\/uploads\/2022\/12\/Donato-Vargas.jpeg","jetpack_sharing_enabled":true,"_links":{"self":[{"href":"https:\/\/zonaroja.com.mx\/index.php?rest_route=\/wp\/v2\/posts\/53733","targetHints":{"allow":["GET"]}}],"collection":[{"href":"https:\/\/zonaroja.com.mx\/index.php?rest_route=\/wp\/v2\/posts"}],"about":[{"href":"https:\/\/zonaroja.com.mx\/index.php?rest_route=\/wp\/v2\/types\/post"}],"author":[{"embeddable":true,"href":"https:\/\/zonaroja.com.mx\/index.php?rest_route=\/wp\/v2\/users\/2"}],"replies":[{"embeddable":true,"href":"https:\/\/zonaroja.com.mx\/index.php?rest_route=%2Fwp%2Fv2%2Fcomments&post=53733"}],"version-history":[{"count":1,"href":"https:\/\/zonaroja.com.mx\/index.php?rest_route=\/wp\/v2\/posts\/53733\/revisions"}],"predecessor-version":[{"id":53734,"href":"https:\/\/zonaroja.com.mx\/index.php?rest_route=\/wp\/v2\/posts\/53733\/revisions\/53734"}],"wp:featuredmedia":[{"embeddable":true,"href":"https:\/\/zonaroja.com.mx\/index.php?rest_route=\/wp\/v2\/media\/49350"}],"wp:attachment":[{"href":"https:\/\/zonaroja.com.mx\/index.php?rest_route=%2Fwp%2Fv2%2Fmedia&parent=53733"}],"wp:term":[{"taxonomy":"category","embeddable":true,"href":"https:\/\/zonaroja.com.mx\/index.php?rest_route=%2Fwp%2Fv2%2Fcategories&post=53733"},{"taxonomy":"post_tag","embeddable":true,"href":"https:\/\/zonaroja.com.mx\/index.php?rest_route=%2Fwp%2Fv2%2Ftags&post=53733"}],"curies":[{"name":"wp","href":"https:\/\/api.w.org\/{rel}","templated":true}]}}