{"id":53735,"date":"2023-04-08T08:41:00","date_gmt":"2023-04-08T13:41:00","guid":{"rendered":"http:\/\/www.zonaroja.com.mx\/?p=53735"},"modified":"2023-04-08T07:53:39","modified_gmt":"2023-04-08T12:53:39","slug":"feminicidios-el-otro-viacrucis-de-oaxaca-van-dos-muertas-en-abril","status":"publish","type":"post","link":"https:\/\/zonaroja.com.mx\/?p=53735","title":{"rendered":"Feminicidios, el otro viacrucis de Oaxaca; van dos muertas en abril"},"content":{"rendered":"\r\n<p>Ismael Garc\u00eda M.\/Yuridiana Sosa\/Zona Roja.<\/p>\r\n\r\n\r\n\r\n<p>Oaxaca de Ju\u00e1rez, Oax., a 8 de abril de 2023.- El otro viacrucis de los oaxaque\u00f1os es la muerte violenta de mujeres.<\/p>\r\n\r\n\r\n\r\n<p>Tan s\u00f3lo en lo que va de abril, suman dos casos de probables feminicidios, uno de ellos en la capital de Oaxaca, registrado el pasado lunes en el hotel \u201cMarqu\u00e9s del Valle\u201d, de cuyo caso a\u00fan hay contradicciones.<\/p>\r\n\r\n\r\n\r\n<p>La femenina, Laura P., proveniente de la Ciudad de M\u00e9xico, arrib\u00f3 el 31 de marzo y se hosped\u00f3 en dicho sitio; el 3 de abril fue descubierta sin vida, con algunas lesiones; fuentes ministeriales aseguran que fue un probable feminicidio, mientras que otras autoridades de la Fiscal\u00eda General del Estado lo descartan y sostienen que fue suicidio.<\/p>\r\n\r\n\r\n\r\n<p>Mientras que el pasado domingo, una pareja fue asesinada en el municipio de San Felipe Usila, en la regi\u00f3n de la Cuenca del Papaloapan.<\/p>\r\n\r\n\r\n\r\n<p>Un sujeto arrib\u00f3 al domicilio de ellos y asesin\u00f3 al individuo identificado como Jos\u00e9 \u201cN\u201d y posteriormente a Juana \u201cN\u201d, tras lo cual huy\u00f3; presuntamente el feminicida y homicida es Gerardo \u201cN\u201d, quien habr\u00eda atacado por despecho a la pareja.<\/p>\r\n\r\n\r\n\r\n<p>VIOLENCIA LACERANTE<\/p>\r\n\r\n\r\n\r\n<p>De acuerdo con datos de Consorcio Oaxaca, la entidad se ha enlutado con el feminicidio de 765 mujeres desde el 1 de diciembre de 2016 al 31 de marzo de 2023.<\/p>\r\n\r\n\r\n\r\n<p>A dicha cifra se agregan los dos recientes hechos de abril, con un total de 767 asesinatos violentos contra las mujeres en Oaxaca, de los que 49 se han ejecutado durante la actual administraci\u00f3n de Salom\u00f3n Jara Cruz, iniciada el 1 de diciembre de 2022.<\/p>\r\n\r\n\r\n\r\n<p>Tan lamentable es la violencia contra las mujeres en la entidad, que la declaratoria de la Alerta de G\u00e9nero, emitida el 30 de agosto de 2018, no ha garantizado ninguna medida de seguridad para las oaxaque\u00f1as y tras esta se han cometido la mayor cantidad de feminicidios en Oaxaca hasta la fecha, con un aproximado de 504 muertes violentas de mujeres.<\/p>\r\n","protected":false},"excerpt":{"rendered":"<p>Ismael Garc\u00eda M.\/Yuridiana Sosa\/Zona Roja. Oaxaca de Ju\u00e1rez, Oax., a 8 de abril de 2023.-&hellip;<\/p>\n","protected":false},"author":2,"featured_media":48523,"comment_status":"closed","ping_status":"open","sticky":false,"template":"","format":"standard","meta":{"_lmt_disableupdate":"","_lmt_disable":"","_jetpack_memberships_contains_paid_content":false,"footnotes":""},"categories":[109,47],"tags":[1081],"class_list":["post-53735","post","type-post","status-publish","format-standard","has-post-thumbnail","hentry","category-minuto-a-minuto","category-zona-gris","tag-feminicidios-en-oaxaca"],"jetpack_featured_media_url":"https:\/\/zonaroja.com.mx\/wp-content\/uploads\/2022\/11\/Marcha-25-noviembre-feminicidios-mujeres-Oaxaca.jpeg","jetpack_sharing_enabled":true,"_links":{"self":[{"href":"https:\/\/zonaroja.com.mx\/index.php?rest_route=\/wp\/v2\/posts\/53735","targetHints":{"allow":["GET"]}}],"collection":[{"href":"https:\/\/zonaroja.com.mx\/index.php?rest_route=\/wp\/v2\/posts"}],"about":[{"href":"https:\/\/zonaroja.com.mx\/index.php?rest_route=\/wp\/v2\/types\/post"}],"author":[{"embeddable":true,"href":"https:\/\/zonaroja.com.mx\/index.php?rest_route=\/wp\/v2\/users\/2"}],"replies":[{"embeddable":true,"href":"https:\/\/zonaroja.com.mx\/index.php?rest_route=%2Fwp%2Fv2%2Fcomments&post=53735"}],"version-history":[{"count":3,"href":"https:\/\/zonaroja.com.mx\/index.php?rest_route=\/wp\/v2\/posts\/53735\/revisions"}],"predecessor-version":[{"id":53744,"href":"https:\/\/zonaroja.com.mx\/index.php?rest_route=\/wp\/v2\/posts\/53735\/revisions\/53744"}],"wp:featuredmedia":[{"embeddable":true,"href":"https:\/\/zonaroja.com.mx\/index.php?rest_route=\/wp\/v2\/media\/48523"}],"wp:attachment":[{"href":"https:\/\/zonaroja.com.mx\/index.php?rest_route=%2Fwp%2Fv2%2Fmedia&parent=53735"}],"wp:term":[{"taxonomy":"category","embeddable":true,"href":"https:\/\/zonaroja.com.mx\/index.php?rest_route=%2Fwp%2Fv2%2Fcategories&post=53735"},{"taxonomy":"post_tag","embeddable":true,"href":"https:\/\/zonaroja.com.mx\/index.php?rest_route=%2Fwp%2Fv2%2Ftags&post=53735"}],"curies":[{"name":"wp","href":"https:\/\/api.w.org\/{rel}","templated":true}]}}