{"id":53738,"date":"2023-04-07T22:04:54","date_gmt":"2023-04-08T03:04:54","guid":{"rendered":"http:\/\/www.zonaroja.com.mx\/?p=53738"},"modified":"2023-04-07T22:04:58","modified_gmt":"2023-04-08T03:04:58","slug":"violencia-en-acapulco-deja-al-menos-cinco-muertos-en-semana-santa","status":"publish","type":"post","link":"https:\/\/zonaroja.com.mx\/?p=53738","title":{"rendered":"Violencia en Acapulco deja al menos cinco muertos en Semana Santa"},"content":{"rendered":"\n<p>Redacci\u00f3n\/Zona Roja Cdmx.<\/p>\n\n\n\n<p>Ciudad de M\u00e9xico, a 7 de abril de 2023.- Un turista muerto y otros tres heridos (dos menores de edad), fue el saldo de una ataque armado la noche del jueves en el fraccionamiento Las Playas, en Acapulco.<\/p>\n\n\n\n<p>Con este ataque, suman cinco en distintos puntos de la zona tur\u00edstica del puerto en lo que va de la Semana Santa.<\/p>\n\n\n\n<p>De acuerdo al reporte de la Fiscal\u00eda General del Estado (FGE), en los \u00faltimos minutos del jueves en el fraccionamiento Las Playas, muy cerca de la playa Caleta, fue atacada a tiros una familia procedente de Guanajuato.<\/p>\n\n\n\n<p>La familia, seg\u00fan el reporte, estaba cenando en un restaurante cuando llegaron hombres armados a bordo de una motocicleta y les dispararon.<\/p>\n\n\n\n<p>El turista asesinado fue identificado por la fiscal\u00eda como Juan Eduardo \u00abN\u00bb, quien se dedicaba a la elaboraci\u00f3n de zapatos en el Estado de Guanajuato.<\/p>\n\n\n\n<p>Uno de los familiares, seg\u00fan el reporte, afirm\u00f3 que en el ataque resultaron heridos un adulto identificado como Jorge Javier \u00abN\u00bb y los dos menores de edad.<\/p>\n\n\n\n<p>EN CALETA<\/p>\n\n\n\n<p>La tarde del lunes, en la playa Caleta, en la zona tradicional de Acapulco, hombres armados atacaron a prestadores de servicio tur\u00edstico.<\/p>\n\n\n\n<p>El ataque dej\u00f3 cuatro personas asesinadas \u2014tres hombres y una mujer (turista)\u2014 y otras cuatro heridas, de acuerdo con el reporte de la FGE.<\/p>\n\n\n\n<p>Ese mismo d\u00eda, un hombre armado dispar\u00f3 en la cabeza a un prestador de servicios tur\u00edsticos en la playa Dominguillo, ubicada en la costera Miguel Alem\u00e1n.<\/p>\n\n\n\n<p>De acuerdo al reporte de la FGE alrededor de las 6 de la tarde, en el acceso de la playa Caleta hombres atacaron a disparos a prestadores de servicios tur\u00edsticos.<\/p>\n\n\n\n<p>En videos que circularon en las redes sociales se ve como quedaron en la franja de la playa personas heridas. <\/p>\n\n\n\n<p>Se observa a un hombre que est\u00e1 inerte pese a que un joven lo mueve. A unos metros se ve c\u00f3mo una mujer est\u00e1 tirada y un hombre le pone un trapo en la cabeza.<\/p>\n\n\n\n<p>En el ataque, seg\u00fan la fiscal\u00eda, fueron asesinados dos prestadores de servicios tur\u00edsticos cuyos cad\u00e1veres quedaron tirados en el acceso de la playa. Mientras que el otro hombre y la mujer murieron en hospitales donde fueron trasladados.<\/p>\n\n\n\n<p>Uno de los hombres asesinados era un adolescente de 17 a\u00f1os de edad. Los heridos son dos mujeres, una menor de edad, y dos hombres.<\/p>\n\n\n\n<p>EN ZIHUATANEJO<\/p>\n\n\n\n<p>El due\u00f1o de un bar ubicado en el centro de Zihuatanejo fue asesinado a balazos. De acuerdo con reportes oficiales, el crimen ocurri\u00f3 durante las primeras horas de este viernes, cuando hombres armados irrumpieron en el bar Blue Bar y dispararon contra el due\u00f1o.<\/p>\n\n\n\n<p>(Informaci\u00f3n de \u201cEl Siglo de Torre\u00f3n\u201d)<\/p>\n","protected":false},"excerpt":{"rendered":"<p>Redacci\u00f3n\/Zona Roja Cdmx. Ciudad de M\u00e9xico, a 7 de abril de 2023.- Un turista muerto&hellip;<\/p>\n","protected":false},"author":2,"featured_media":53737,"comment_status":"closed","ping_status":"open","sticky":false,"template":"","format":"standard","meta":{"_lmt_disableupdate":"","_lmt_disable":"","_jetpack_memberships_contains_paid_content":false,"footnotes":""},"categories":[109,51],"tags":[3387],"class_list":["post-53738","post","type-post","status-publish","format-standard","has-post-thumbnail","hentry","category-minuto-a-minuto","category-zona-roja","tag-acapulco-guerrero"],"jetpack_featured_media_url":"https:\/\/zonaroja.com.mx\/wp-content\/uploads\/2023\/04\/img_9168.jpg","jetpack_sharing_enabled":true,"_links":{"self":[{"href":"https:\/\/zonaroja.com.mx\/index.php?rest_route=\/wp\/v2\/posts\/53738","targetHints":{"allow":["GET"]}}],"collection":[{"href":"https:\/\/zonaroja.com.mx\/index.php?rest_route=\/wp\/v2\/posts"}],"about":[{"href":"https:\/\/zonaroja.com.mx\/index.php?rest_route=\/wp\/v2\/types\/post"}],"author":[{"embeddable":true,"href":"https:\/\/zonaroja.com.mx\/index.php?rest_route=\/wp\/v2\/users\/2"}],"replies":[{"embeddable":true,"href":"https:\/\/zonaroja.com.mx\/index.php?rest_route=%2Fwp%2Fv2%2Fcomments&post=53738"}],"version-history":[{"count":1,"href":"https:\/\/zonaroja.com.mx\/index.php?rest_route=\/wp\/v2\/posts\/53738\/revisions"}],"predecessor-version":[{"id":53739,"href":"https:\/\/zonaroja.com.mx\/index.php?rest_route=\/wp\/v2\/posts\/53738\/revisions\/53739"}],"wp:featuredmedia":[{"embeddable":true,"href":"https:\/\/zonaroja.com.mx\/index.php?rest_route=\/wp\/v2\/media\/53737"}],"wp:attachment":[{"href":"https:\/\/zonaroja.com.mx\/index.php?rest_route=%2Fwp%2Fv2%2Fmedia&parent=53738"}],"wp:term":[{"taxonomy":"category","embeddable":true,"href":"https:\/\/zonaroja.com.mx\/index.php?rest_route=%2Fwp%2Fv2%2Fcategories&post=53738"},{"taxonomy":"post_tag","embeddable":true,"href":"https:\/\/zonaroja.com.mx\/index.php?rest_route=%2Fwp%2Fv2%2Ftags&post=53738"}],"curies":[{"name":"wp","href":"https:\/\/api.w.org\/{rel}","templated":true}]}}