{"id":53745,"date":"2023-04-08T11:00:50","date_gmt":"2023-04-08T16:00:50","guid":{"rendered":"http:\/\/www.zonaroja.com.mx\/?p=53745"},"modified":"2023-04-08T12:57:06","modified_gmt":"2023-04-08T17:57:06","slug":"53745","status":"publish","type":"post","link":"https:\/\/zonaroja.com.mx\/?p=53745","title":{"rendered":"La iglesia Cat\u00f3lica no respalda el plan de Solalinde sobre el INM"},"content":{"rendered":"<p>Redacci\u00f3n\/Zona Roja Cdmx.<\/p>\n<p>Ciudad de M\u00e9xico, a 8 de abril de 2023.- La decisi\u00f3n de transformar el Instituto Nacional de Migraci\u00f3n (INM) por la Coordinaci\u00f3n de Migraci\u00f3n y Extranjer\u00eda no fue bien recibida por la Iglesia Cat\u00f3lica mexicana, pues el padre Julio L\u00f3pez, encargado de movilidad humana de la Conferencia del Episcopado Mexicano (CEM), dijo que hay un desacuerdo con el plan que present\u00f3 el sacerdote Alejandro Solalinde al presidente Andr\u00e9s Manuel L\u00f3pez Obrador.<\/p>\n<p>\u201cYo creo que no se necesita inventar un nuevo consejo con nuevas estructuras, porque lo que no hay es voluntad pol\u00edtica de cambio\u201d, asegur\u00f3 el religioso.<\/p>\n<p>En entrevista con \u201cEl Heraldo de M\u00e9xico\u201d, se\u00f1al\u00f3 que lo expresado por Solalinde no ha sido claro, ya que lo que pretenden con este nuevo consejo es tapar la protesta social por el tema de los migrantes fallecidos en el incendio de Ciudad Ju\u00e1rez.<\/p>\n<p>\u201cEl Instituto Nacional de Migraci\u00f3n ya tiene un consejo ciudadano, lo que tiene que hacer el gobierno es escucharlo porque desde hace mucho tiempo ese consejo ha venido haciendo recomendaciones a las cuales no les prestan atenci\u00f3n; este consejo est\u00e1 representado por la sociedad civil, personas comprometidas que trabajan a diario con los migrantes\u201d, enfatiz\u00f3.<\/p>\n<p>El padre tambi\u00e9n expres\u00f3 que Solalinde no tiene la autoridad moral, porque desde hace tiempo dej\u00f3 de atender la migraci\u00f3n para proteger y encubrir al gobierno nacional.<\/p>\n<p>\u201cMe parece que la propuesta de Solalinde est\u00e1 sacada de la manga, por lo que ha expresado, y para m\u00ed, no es m\u00e1s que una cortina de humo para tapar la situaci\u00f3n que se vive en este momento con el tema de migraci\u00f3n, porque no es algo que se resuelve en una semana\u201d, mencion\u00f3 el religioso.<\/p>\n<p>Durante la entrevista, el padre Julio L\u00f3pez hizo hincapi\u00e9 en que Solalinde no se ha pronunciado en contra del crimen contra los 40 migrantes fallecidos, pues s\u00f3lo ha defendido al Presidente sobre la culpabilidad que la sociedad le incrimina.<\/p>\n<p>Por otra parte, el padre Julio afirma que la iglesia est\u00e1 dispuesta a seguir sumando esfuerzos en materia migratoria, como lo ha hecho desde hace m\u00e1s de 40 a\u00f1os para el beneficio de las personas migrantes, no para el beneficio del gobierno.<\/p>\n<p>El padre Julio L\u00f3pez cerr\u00f3 diciendo que el Instituto Nacional de Migraci\u00f3n podr\u00eda seguir funcionando si el gobierno tuviera la voluntad de escuchar y actuar para hacer los cambios pertinentes al interior del organismo.<\/p>\n<p>(Informaci\u00f3n de \u201cEl Heraldo de M\u00e9xico\u201d)<\/p>\n","protected":false},"excerpt":{"rendered":"<p>Redacci\u00f3n\/Zona Roja Cdmx. Ciudad de M\u00e9xico, a 8 de abril de 2023.- La decisi\u00f3n de&hellip;<\/p>\n","protected":false},"author":2,"featured_media":53746,"comment_status":"closed","ping_status":"open","sticky":false,"template":"","format":"standard","meta":{"_lmt_disableupdate":"","_lmt_disable":"","_jetpack_memberships_contains_paid_content":false,"footnotes":""},"categories":[109,47],"tags":[2073],"class_list":["post-53745","post","type-post","status-publish","format-standard","has-post-thumbnail","hentry","category-minuto-a-minuto","category-zona-gris","tag-alejandro-solalinde-guerra"],"jetpack_featured_media_url":"https:\/\/zonaroja.com.mx\/wp-content\/uploads\/2023\/04\/Propuesta-migracion-Alejandro-Solalinde.jpeg","jetpack_sharing_enabled":true,"_links":{"self":[{"href":"https:\/\/zonaroja.com.mx\/index.php?rest_route=\/wp\/v2\/posts\/53745","targetHints":{"allow":["GET"]}}],"collection":[{"href":"https:\/\/zonaroja.com.mx\/index.php?rest_route=\/wp\/v2\/posts"}],"about":[{"href":"https:\/\/zonaroja.com.mx\/index.php?rest_route=\/wp\/v2\/types\/post"}],"author":[{"embeddable":true,"href":"https:\/\/zonaroja.com.mx\/index.php?rest_route=\/wp\/v2\/users\/2"}],"replies":[{"embeddable":true,"href":"https:\/\/zonaroja.com.mx\/index.php?rest_route=%2Fwp%2Fv2%2Fcomments&post=53745"}],"version-history":[{"count":2,"href":"https:\/\/zonaroja.com.mx\/index.php?rest_route=\/wp\/v2\/posts\/53745\/revisions"}],"predecessor-version":[{"id":53766,"href":"https:\/\/zonaroja.com.mx\/index.php?rest_route=\/wp\/v2\/posts\/53745\/revisions\/53766"}],"wp:featuredmedia":[{"embeddable":true,"href":"https:\/\/zonaroja.com.mx\/index.php?rest_route=\/wp\/v2\/media\/53746"}],"wp:attachment":[{"href":"https:\/\/zonaroja.com.mx\/index.php?rest_route=%2Fwp%2Fv2%2Fmedia&parent=53745"}],"wp:term":[{"taxonomy":"category","embeddable":true,"href":"https:\/\/zonaroja.com.mx\/index.php?rest_route=%2Fwp%2Fv2%2Fcategories&post=53745"},{"taxonomy":"post_tag","embeddable":true,"href":"https:\/\/zonaroja.com.mx\/index.php?rest_route=%2Fwp%2Fv2%2Ftags&post=53745"}],"curies":[{"name":"wp","href":"https:\/\/api.w.org\/{rel}","templated":true}]}}