{"id":5376,"date":"2019-11-03T08:24:28","date_gmt":"2019-11-03T14:24:28","guid":{"rendered":"http:\/\/www.zonaroja.com.mx\/?p=5376"},"modified":"2019-11-03T08:24:31","modified_gmt":"2019-11-03T14:24:31","slug":"vinculan-a-proceso-a-madre-de-lozoya-ex-director-de-pemex","status":"publish","type":"post","link":"https:\/\/zonaroja.com.mx\/?p=5376","title":{"rendered":"Vinculan a proceso a madre de Lozoya, ex director de Pemex"},"content":{"rendered":"\n<p>Redacci\u00f3n\/Zona\nRoja Cdmx.<\/p>\n\n\n\n<p>Ciudad de\nM\u00e9xico, 3 de noviembre de 2019.- Por los delitos de enriquecimiento il\u00edcito y\nasociaci\u00f3n delictuosa, Jes\u00fas Eduardo V\u00e1zquez Rea, juez de procesos en el\nReclusorio Norte, vincul\u00f3 a proceso a Gilda Margarita Austin y Sol\u00eds, madre de\nEmilio Lozoya, exdirector de Pemex.<\/p>\n\n\n\n<p>Sin embargo,\nella no pisara la c\u00e1rcel, pues se le dict\u00f3 prisi\u00f3n domiciliaria, por su edad\navanzada y a que tiene afectaciones de salud.<\/p>\n\n\n\n<p>Durante la\naudiencia, la defensa, a cargo del abogado Javier Coello Trejo, solicit\u00f3 el\narraigo domiciliario, el cual fue aceptado por el agente del MP y concedido por\nel juez. La defensa tambi\u00e9n solicit\u00f3 el brazalete para que la se\u00f1ora pueda\nsalir de su domicilio.<\/p>\n\n\n\n<p>La madre del\nexdirector de Pemex lleg\u00f3 a la Ciudad de M\u00e9xico ayer por la ma\u00f1ana extraditada\ndesde Alemania; del aeropuerto capitalino fue trasladada al Reclusorio Norte,\ncustodiada por elementos federales adscritos a la Interpol.<\/p>\n\n\n\n<p>Despu\u00e9s de\nsu entrada al centro penitenciario arrib\u00f3 el abogado, quien al inicio de la\ndiligencia revis\u00f3 el expediente para conocer las acusaciones contra Gilda\nMargarita, de 71 a\u00f1os.<\/p>\n\n\n\n<p>La FGR\nse\u00f1al\u00f3 que una cuenta bancaria fue utilizada para recibir dinero de presuntos\nsobornos que la empresa brasile\u00f1a Odebrecht hizo a Emilio Lozoya siendo\ndirector de Pemex, d\u00f3nde recibi\u00f3 al menos 185 mil d\u00f3lares entre 2010 y 2015, y\nque Gilda Margarita ten\u00eda conocimiento del uso de esa cuenta a su nombre.<\/p>\n","protected":false},"excerpt":{"rendered":"<p>Redacci\u00f3n\/Zona Roja Cdmx. Ciudad de M\u00e9xico, 3 de noviembre de 2019.- Por los delitos de&hellip;<\/p>\n","protected":false},"author":2,"featured_media":5377,"comment_status":"closed","ping_status":"open","sticky":false,"template":"","format":"standard","meta":{"_lmt_disableupdate":"","_lmt_disable":"","_jetpack_memberships_contains_paid_content":false,"footnotes":""},"categories":[109,47],"tags":[950],"class_list":["post-5376","post","type-post","status-publish","format-standard","has-post-thumbnail","hentry","category-minuto-a-minuto","category-zona-gris","tag-gilda-margarita-austin"],"jetpack_featured_media_url":"https:\/\/zonaroja.com.mx\/wp-content\/uploads\/2019\/11\/lozoya.jpg","jetpack_sharing_enabled":true,"_links":{"self":[{"href":"https:\/\/zonaroja.com.mx\/index.php?rest_route=\/wp\/v2\/posts\/5376","targetHints":{"allow":["GET"]}}],"collection":[{"href":"https:\/\/zonaroja.com.mx\/index.php?rest_route=\/wp\/v2\/posts"}],"about":[{"href":"https:\/\/zonaroja.com.mx\/index.php?rest_route=\/wp\/v2\/types\/post"}],"author":[{"embeddable":true,"href":"https:\/\/zonaroja.com.mx\/index.php?rest_route=\/wp\/v2\/users\/2"}],"replies":[{"embeddable":true,"href":"https:\/\/zonaroja.com.mx\/index.php?rest_route=%2Fwp%2Fv2%2Fcomments&post=5376"}],"version-history":[{"count":1,"href":"https:\/\/zonaroja.com.mx\/index.php?rest_route=\/wp\/v2\/posts\/5376\/revisions"}],"predecessor-version":[{"id":5378,"href":"https:\/\/zonaroja.com.mx\/index.php?rest_route=\/wp\/v2\/posts\/5376\/revisions\/5378"}],"wp:featuredmedia":[{"embeddable":true,"href":"https:\/\/zonaroja.com.mx\/index.php?rest_route=\/wp\/v2\/media\/5377"}],"wp:attachment":[{"href":"https:\/\/zonaroja.com.mx\/index.php?rest_route=%2Fwp%2Fv2%2Fmedia&parent=5376"}],"wp:term":[{"taxonomy":"category","embeddable":true,"href":"https:\/\/zonaroja.com.mx\/index.php?rest_route=%2Fwp%2Fv2%2Fcategories&post=5376"},{"taxonomy":"post_tag","embeddable":true,"href":"https:\/\/zonaroja.com.mx\/index.php?rest_route=%2Fwp%2Fv2%2Ftags&post=5376"}],"curies":[{"name":"wp","href":"https:\/\/api.w.org\/{rel}","templated":true}]}}