{"id":53760,"date":"2023-04-08T11:46:26","date_gmt":"2023-04-08T16:46:26","guid":{"rendered":"http:\/\/www.zonaroja.com.mx\/?p=53760"},"modified":"2023-04-08T15:42:05","modified_gmt":"2023-04-08T20:42:05","slug":"53760","status":"publish","type":"post","link":"https:\/\/zonaroja.com.mx\/?p=53760","title":{"rendered":"Salom\u00f3n Jara y su extra\u00f1a declaraci\u00f3n patrimonial; no coinciden bienes"},"content":{"rendered":"<p>Redacci\u00f3n\/Zona Roja Cdmx.<\/p>\n<p>Ciudad de M\u00e9xico, a 8 de abril de 2023.- Cincuenta d\u00edas despu\u00e9s de tomar posesi\u00f3n como gobernador de Oaxaca, Salom\u00f3n Jara Cruz present\u00f3 su primera declaraci\u00f3n patrimonial ante la Secretar\u00eda de Honestidad, Transparencia y Funci\u00f3n P\u00fablica de la entidad.<\/p>\n<p>En el documento, el morenista presumi\u00f3 de casas, veh\u00edculos y hasta muebles que no hab\u00eda reportado durante su paso en el Senado de la Rep\u00fablica.<\/p>\n<p>Ocultar informaci\u00f3n en tu declaraci\u00f3n patrimonial es considerado una falta administrativa grave cuya sanci\u00f3n va desde una amonestaci\u00f3n p\u00fablica o privada, suspensi\u00f3n o sustituci\u00f3n del cargo y hasta la inhabilitaci\u00f3n temporal para desempe\u00f1ar cargos p\u00fablicos.<\/p>\n<p>LAS PROPIEDADES<\/p>\n<p>En la declaraci\u00f3n patrimonial inicial que present\u00f3 como gobernador de Oaxaca el 18 de enero pasado, Salom\u00f3n Jara Cruz dijo tener dos casas y un veh\u00edculo.<\/p>\n<p>En el documento el morenista no dio mucha informaci\u00f3n sobre sus pertenencias, solo el tipo de propiedad que es y la fecha de adquisici\u00f3n.<\/p>\n<p>En ninguna parte de la declaraci\u00f3n patrimonial el gobernador detall\u00f3 el valor de sus pertenencias, ni el modo de adquisici\u00f3n, mucho menos a quien se las compr\u00f3.<\/p>\n<p>Sobre las casas, Salom\u00f3n Jara solo se\u00f1al\u00f3 que las adquiri\u00f3 el 8 de octubre de 1988 y el 1 de septiembre de 1993. En cuanto al veh\u00edculo, el mandatario oaxaque\u00f1o ni siquiera anot\u00f3 la fecha de su compra.<\/p>\n<p>Por mentir en tu declaraci\u00f3n patrimonial, un funcionario puede ser sancionado hasta con la inhabilitaci\u00f3n de la funci\u00f3n p\u00fablica, as\u00ed lo se\u00f1ala la Ley General de Responsabilidades Administrativas.<\/p>\n<p>Aqu\u00ed el enlace de la informaci\u00f3n completa de Infobae M\u00e9xico:<\/p>\n<p><a href=\"https:\/\/www.infobae.com\/mexico\/2023\/04\/10\/salomon-jara-y-su-extrana-declaracion-patrimonial\/\">https:\/\/www.infobae.com\/mexico\/2023\/04\/10\/salomon-jara-y-su-extrana-declaracion-patrimonial\/<\/a><\/p>\n","protected":false},"excerpt":{"rendered":"<p>Redacci\u00f3n\/Zona Roja Cdmx. Ciudad de M\u00e9xico, a 8 de abril de 2023.- Cincuenta d\u00edas despu\u00e9s&hellip;<\/p>\n","protected":false},"author":2,"featured_media":48751,"comment_status":"closed","ping_status":"open","sticky":false,"template":"","format":"standard","meta":{"_lmt_disableupdate":"","_lmt_disable":"","_jetpack_memberships_contains_paid_content":false,"footnotes":""},"categories":[109,47],"tags":[939],"class_list":["post-53760","post","type-post","status-publish","format-standard","has-post-thumbnail","hentry","category-minuto-a-minuto","category-zona-gris","tag-salomon-jara-cruz"],"jetpack_featured_media_url":"https:\/\/zonaroja.com.mx\/wp-content\/uploads\/2022\/12\/FOTO1_Rinde-protesta-en-el-Congreso-Salomon-Jara-Cruz-como-Gobernador-Constitucional-del-Estado-de-Oaxaca.jpeg","jetpack_sharing_enabled":true,"_links":{"self":[{"href":"https:\/\/zonaroja.com.mx\/index.php?rest_route=\/wp\/v2\/posts\/53760","targetHints":{"allow":["GET"]}}],"collection":[{"href":"https:\/\/zonaroja.com.mx\/index.php?rest_route=\/wp\/v2\/posts"}],"about":[{"href":"https:\/\/zonaroja.com.mx\/index.php?rest_route=\/wp\/v2\/types\/post"}],"author":[{"embeddable":true,"href":"https:\/\/zonaroja.com.mx\/index.php?rest_route=\/wp\/v2\/users\/2"}],"replies":[{"embeddable":true,"href":"https:\/\/zonaroja.com.mx\/index.php?rest_route=%2Fwp%2Fv2%2Fcomments&post=53760"}],"version-history":[{"count":3,"href":"https:\/\/zonaroja.com.mx\/index.php?rest_route=\/wp\/v2\/posts\/53760\/revisions"}],"predecessor-version":[{"id":53771,"href":"https:\/\/zonaroja.com.mx\/index.php?rest_route=\/wp\/v2\/posts\/53760\/revisions\/53771"}],"wp:featuredmedia":[{"embeddable":true,"href":"https:\/\/zonaroja.com.mx\/index.php?rest_route=\/wp\/v2\/media\/48751"}],"wp:attachment":[{"href":"https:\/\/zonaroja.com.mx\/index.php?rest_route=%2Fwp%2Fv2%2Fmedia&parent=53760"}],"wp:term":[{"taxonomy":"category","embeddable":true,"href":"https:\/\/zonaroja.com.mx\/index.php?rest_route=%2Fwp%2Fv2%2Fcategories&post=53760"},{"taxonomy":"post_tag","embeddable":true,"href":"https:\/\/zonaroja.com.mx\/index.php?rest_route=%2Fwp%2Fv2%2Ftags&post=53760"}],"curies":[{"name":"wp","href":"https:\/\/api.w.org\/{rel}","templated":true}]}}