{"id":53775,"date":"2023-04-08T16:47:57","date_gmt":"2023-04-08T21:47:57","guid":{"rendered":"http:\/\/www.zonaroja.com.mx\/?p=53775"},"modified":"2023-04-08T16:48:07","modified_gmt":"2023-04-08T21:48:07","slug":"a-seis-meses-sin-basurero-arde-otra-vez-tiradero-clandestino-de-catem-en-el-atoyac","status":"publish","type":"post","link":"https:\/\/zonaroja.com.mx\/?p=53775","title":{"rendered":"A seis meses sin basurero, arde otra vez tiradero clandestino de CATEM, en el \u201cAtoyac\u201d."},"content":{"rendered":"\n<p>Yuridiana Sosa\/Zona Roja.<\/p>\n\n\n\n<p>Oaxaca de Ju\u00e1rez, Oax., a 8 de abril de 2023.- Con una serie de incidentes en el tiradero clandestino en riberas del r\u00edo \u201cAtoyac\u201d, y sin ning\u00fan tipo de avance que se informe a la ciudadan\u00eda sobre la adquisici\u00f3n de un predio para el nuevo basurero de la capital por parte del gobierno de Francisco Mart\u00ednez Neri, este s\u00e1bado se cumple medio a\u00f1o del cierre del relleno sanitario en Zaachila.<\/p>\n\n\n\n<p>Y la madrugada de este 8 de abril se registr\u00f3 una vez m\u00e1s un incendio en el tiradero a cielo abierto que habilit\u00f3 la Confederaci\u00f3n Aut\u00f3noma de Trabajadores y Empleados de M\u00e9xico (CATEM) a orilla del r\u00edo \u201cAtoyac\u201d, en inmediaciones de la Central de Abasto.<\/p>\n\n\n\n<p>El fuego registrado en una de las zonas colindantes al arroyo vehicular moviliz\u00f3 al Heroico Cuerpo de Bomberos de Oaxaca, cuyos elementos evitaron que las llamas se extendieran.<\/p>\n\n\n\n<p>Este siniestro se registr\u00f3 a solo dos semanas de la primera conflagraci\u00f3n ocurrida en dicho espacio el pasado 24 de marzo.<\/p>\n\n\n\n<p>De acuerdo con las primeras indagatorias, fue la propia organizaci\u00f3n la que inici\u00f3 el fuego con la intenci\u00f3n de liberar espacio y seguir vaciando los camiones particulares de basura, servicio por el que cobran a la ciudadan\u00eda.<\/p>\n\n\n\n<p>Pese a los graves da\u00f1os ambientales tanto por el propio basurero como por los incendios, ninguna autoridad en la materia de los tres niveles de gobierno, Procuradur\u00eda Federal de Protecci\u00f3n al Ambiente (Profepa), Procuradur\u00eda de Protecci\u00f3n al Ambiente del Estado de Oaxaca (Propaeo) ni el gobierno municipal, ha aplicado sanciones o multas a los usuarios.<\/p>\n\n\n\n<p>En este \u00faltimo caso, la autoridad de Oaxaca de Ju\u00e1rez tambi\u00e9n ha incurrido en faltas con el uso provisional de un \u00e1rea del play\u00f3n de Riberas del Atoyac para ocuparlo como centro de transferencia y posteriormente transportar los residuos a otros estados por medio de camiones tipo g\u00f3ndolas.<\/p>\n\n\n\n<figure class=\"wp-block-embed\"><div class=\"wp-block-embed__wrapper\">\n<div class=\"twitter-tweet\"><blockquote class=\"twitter-tweet\" data-lang=\"es\"><p lang=\"es\" dir=\"ltr\">\u00a1Otra vez! Personas desconocidas prendieron fuego la madrugada de hoy al tiradero de basura clandestino que tiene la CATEM en las riberas del r\u00edo \u201cAtoyac\u201d de la ciudad de <a href=\"https:\/\/twitter.com\/hashtag\/Oaxaca?src=hash&amp;ref_src=twsrc%5Etfw\">#Oaxaca<\/a>; personal del <a href=\"https:\/\/twitter.com\/Bomberos_GobOax?ref_src=twsrc%5Etfw\">@Bomberos_GobOax<\/a> acudi\u00f3 a sofocar el siniestro. <a href=\"https:\/\/t.co\/cjE06bTLUT\">pic.twitter.com\/cjE06bTLUT<\/a><\/p>&mdash; Zona Roja Oaxaca (@ZonaRoja_Oaxaca) <a href=\"https:\/\/twitter.com\/ZonaRoja_Oaxaca\/status\/1644713080524517377?ref_src=twsrc%5Etfw\">8 de abril de 2023<\/a><\/blockquote><\/div>\n<\/div><\/figure>\n\n\n\n<p> <\/p>\n","protected":false},"excerpt":{"rendered":"<p>Yuridiana Sosa\/Zona Roja. Oaxaca de Ju\u00e1rez, Oax., a 8 de abril de 2023.- Con una&hellip;<\/p>\n","protected":false},"author":2,"featured_media":53774,"comment_status":"closed","ping_status":"open","sticky":false,"template":"","format":"standard","meta":{"_lmt_disableupdate":"","_lmt_disable":"","_jetpack_memberships_contains_paid_content":false,"footnotes":""},"categories":[109,47],"tags":[3211],"class_list":["post-53775","post","type-post","status-publish","format-standard","has-post-thumbnail","hentry","category-minuto-a-minuto","category-zona-gris","tag-tiradero-de-basura-zaachila"],"jetpack_featured_media_url":"https:\/\/zonaroja.com.mx\/wp-content\/uploads\/2023\/04\/img_9254.jpg","jetpack_sharing_enabled":true,"_links":{"self":[{"href":"https:\/\/zonaroja.com.mx\/index.php?rest_route=\/wp\/v2\/posts\/53775","targetHints":{"allow":["GET"]}}],"collection":[{"href":"https:\/\/zonaroja.com.mx\/index.php?rest_route=\/wp\/v2\/posts"}],"about":[{"href":"https:\/\/zonaroja.com.mx\/index.php?rest_route=\/wp\/v2\/types\/post"}],"author":[{"embeddable":true,"href":"https:\/\/zonaroja.com.mx\/index.php?rest_route=\/wp\/v2\/users\/2"}],"replies":[{"embeddable":true,"href":"https:\/\/zonaroja.com.mx\/index.php?rest_route=%2Fwp%2Fv2%2Fcomments&post=53775"}],"version-history":[{"count":1,"href":"https:\/\/zonaroja.com.mx\/index.php?rest_route=\/wp\/v2\/posts\/53775\/revisions"}],"predecessor-version":[{"id":53776,"href":"https:\/\/zonaroja.com.mx\/index.php?rest_route=\/wp\/v2\/posts\/53775\/revisions\/53776"}],"wp:featuredmedia":[{"embeddable":true,"href":"https:\/\/zonaroja.com.mx\/index.php?rest_route=\/wp\/v2\/media\/53774"}],"wp:attachment":[{"href":"https:\/\/zonaroja.com.mx\/index.php?rest_route=%2Fwp%2Fv2%2Fmedia&parent=53775"}],"wp:term":[{"taxonomy":"category","embeddable":true,"href":"https:\/\/zonaroja.com.mx\/index.php?rest_route=%2Fwp%2Fv2%2Fcategories&post=53775"},{"taxonomy":"post_tag","embeddable":true,"href":"https:\/\/zonaroja.com.mx\/index.php?rest_route=%2Fwp%2Fv2%2Ftags&post=53775"}],"curies":[{"name":"wp","href":"https:\/\/api.w.org\/{rel}","templated":true}]}}