{"id":53779,"date":"2023-04-08T21:21:11","date_gmt":"2023-04-09T02:21:11","guid":{"rendered":"http:\/\/www.zonaroja.com.mx\/?p=53779"},"modified":"2023-04-08T21:21:12","modified_gmt":"2023-04-09T02:21:12","slug":"acusan-exclusion-de-martinez-neri-en-seleccion-de-la-delegacion-para-guelaguetza-2023","status":"publish","type":"post","link":"https:\/\/zonaroja.com.mx\/?p=53779","title":{"rendered":"Acusan exclusi\u00f3n de Mart\u00ednez Neri en selecci\u00f3n de la delegaci\u00f3n para Guelaguetza 2023"},"content":{"rendered":"\n<p>Yuridiana Sosa\/Zona Roja.<\/p>\n\n\n\n<p>Oaxaca de Ju\u00e1rez, Oax., a 8 de abril de 2023.- Grupos culturales que representan a las tradicionales chinas oaxaque\u00f1a y faroleros de Oaxaca de Ju\u00e1rez denunciaron exclusi\u00f3n y un proceso irregular en la selecci\u00f3n de la delegaci\u00f3n danc\u00edstica de la capital del estado para la Guelaguetza 2023.<\/p>\n\n\n\n<p>Representantes de los grupos del Barrio de Trinidad de las Huertas, Jalatlaco y Xochimilco se pronunciaron contra la decisi\u00f3n arbitraria y a \u201cdedazo\u201d del Cabildo de Oaxaca de Ju\u00e1rez para elegir a dos grupos art\u00edsticos, sin dar oportunidad al resto.<\/p>\n\n\n\n<p>El integrante del barrio de Trinidad de las Huertas, Jahir Aguilar, se\u00f1al\u00f3 que el resto de los grupos, como el de su caso, entregaron la documentaci\u00f3n necesaria y en tiempo al ayuntamiento de Oaxaca de Ju\u00e1rez para ser tomados en cuenta este a\u00f1o, pero nunca hubo respuesta de la autoridad sobre su solicitud.&nbsp;<\/p>\n\n\n\n<p>Los afectados apuntaron que es la segunda ocasi\u00f3n, de manera consecutiva, que el gobierno de Francisco Mart\u00ednez Neri, no les da oportunidad de participar, pero tampoco reciben alg\u00fan tipo de observaci\u00f3n o razones por las que son ignorados.<\/p>\n\n\n\n<p>Este grupo, apunt\u00f3, cuenta con un trabajo cultural desde el 2014 y representa a uno de los barrios m\u00e1s antiguos y simb\u00f3licos de la ciudad.<\/p>\n\n\n\n<p>Los promotores destacaron que no se trata de causar divisi\u00f3n en los grupos culturales, sino que se d\u00e9 oportunidad a todos bajo las mismas condiciones para la selecci\u00f3n.<\/p>\n\n\n\n<p>EXIGENCIAS<\/p>\n\n\n\n<p>Ante estas violaciones, los participantes y promotores culturales exigen al gobierno de Oaxaca y municipal una mesa de di\u00e1logo para que se revise el caso y acordar lo necesario sobre sus peticiones.<\/p>\n\n\n\n<p>Los promotores desconocieron la figura de Mart\u00ednez Neri al no ser oriundo de la capital del estado, lo que podr\u00eda ser motivo de su desinter\u00e9s para la conformaci\u00f3n de la delegaci\u00f3n de la ciudad de Oaxaca y delegarle la responsabilidad, sin conocimiento, a la Regidora de Igualdad de G\u00e9nero y de la Ciudad Educadora, Deyanira Altamirano.<\/p>\n\n\n\n<p>Por lo que refieren que la selecci\u00f3n debe ser bajo una evaluaci\u00f3n danc\u00edstica y folcl\u00f3rica.<\/p>\n\n\n\n<figure class=\"wp-block-embed\"><div class=\"wp-block-embed__wrapper\">\n<div class=\"twitter-tweet\"><blockquote class=\"twitter-tweet\" data-lang=\"es\"><p lang=\"es\" dir=\"ltr\">Y a falta de actividades culturales o recreativas por parte de <a href=\"https:\/\/twitter.com\/SECULTA_GobOax?ref_src=twsrc%5Etfw\">@SECULTA_GobOax<\/a> o <a href=\"https:\/\/twitter.com\/SECTUR_GobOax?ref_src=twsrc%5Etfw\">@SECTUR_GobOax<\/a>, los grupos folcl\u00f3ricos bailaron por unos minutos frente al Palacio de Gobierno, para reiterar su protesta pac\u00edfica. <a href=\"https:\/\/t.co\/Wuw5QaadxE\">pic.twitter.com\/Wuw5QaadxE<\/a><\/p>&mdash; Zona Roja Oaxaca (@ZonaRoja_Oaxaca) <a href=\"https:\/\/twitter.com\/ZonaRoja_Oaxaca\/status\/1644809586233286659?ref_src=twsrc%5Etfw\">8 de abril de 2023<\/a><\/blockquote><\/div>\n<\/div><\/figure>\n","protected":false},"excerpt":{"rendered":"<p>Yuridiana Sosa\/Zona Roja. Oaxaca de Ju\u00e1rez, Oax., a 8 de abril de 2023.- Grupos culturales&hellip;<\/p>\n","protected":false},"author":2,"featured_media":53778,"comment_status":"closed","ping_status":"open","sticky":false,"template":"","format":"standard","meta":{"_lmt_disableupdate":"","_lmt_disable":"","_jetpack_memberships_contains_paid_content":false,"footnotes":""},"categories":[109,47],"tags":[2418],"class_list":["post-53779","post","type-post","status-publish","format-standard","has-post-thumbnail","hentry","category-minuto-a-minuto","category-zona-gris","tag-francisco-martinez-neri"],"jetpack_featured_media_url":"https:\/\/zonaroja.com.mx\/wp-content\/uploads\/2023\/04\/8d66b1ed-ed4f-4145-a075-d379f9e3c488.jpg","jetpack_sharing_enabled":true,"_links":{"self":[{"href":"https:\/\/zonaroja.com.mx\/index.php?rest_route=\/wp\/v2\/posts\/53779","targetHints":{"allow":["GET"]}}],"collection":[{"href":"https:\/\/zonaroja.com.mx\/index.php?rest_route=\/wp\/v2\/posts"}],"about":[{"href":"https:\/\/zonaroja.com.mx\/index.php?rest_route=\/wp\/v2\/types\/post"}],"author":[{"embeddable":true,"href":"https:\/\/zonaroja.com.mx\/index.php?rest_route=\/wp\/v2\/users\/2"}],"replies":[{"embeddable":true,"href":"https:\/\/zonaroja.com.mx\/index.php?rest_route=%2Fwp%2Fv2%2Fcomments&post=53779"}],"version-history":[{"count":1,"href":"https:\/\/zonaroja.com.mx\/index.php?rest_route=\/wp\/v2\/posts\/53779\/revisions"}],"predecessor-version":[{"id":53780,"href":"https:\/\/zonaroja.com.mx\/index.php?rest_route=\/wp\/v2\/posts\/53779\/revisions\/53780"}],"wp:featuredmedia":[{"embeddable":true,"href":"https:\/\/zonaroja.com.mx\/index.php?rest_route=\/wp\/v2\/media\/53778"}],"wp:attachment":[{"href":"https:\/\/zonaroja.com.mx\/index.php?rest_route=%2Fwp%2Fv2%2Fmedia&parent=53779"}],"wp:term":[{"taxonomy":"category","embeddable":true,"href":"https:\/\/zonaroja.com.mx\/index.php?rest_route=%2Fwp%2Fv2%2Fcategories&post=53779"},{"taxonomy":"post_tag","embeddable":true,"href":"https:\/\/zonaroja.com.mx\/index.php?rest_route=%2Fwp%2Fv2%2Ftags&post=53779"}],"curies":[{"name":"wp","href":"https:\/\/api.w.org\/{rel}","templated":true}]}}