{"id":53783,"date":"2023-04-09T10:44:01","date_gmt":"2023-04-09T15:44:01","guid":{"rendered":"http:\/\/www.zonaroja.com.mx\/?p=53783"},"modified":"2023-04-09T08:04:47","modified_gmt":"2023-04-09T13:04:47","slug":"53783","status":"publish","type":"post","link":"https:\/\/zonaroja.com.mx\/?p=53783","title":{"rendered":"Revira Israel y ataca posiciones al sur de Siria, por tierra y aire"},"content":{"rendered":"<p>Redacci\u00f3n\/Zona Roja Cdmx.<\/p>\n<p>Ciudad de M\u00e9xico, a 9 de abril de 2023.- El Ej\u00e9rcito israel\u00ed atac\u00f3 esta madrugada posiciones del sur de Siria con artiller\u00eda y por aire despu\u00e9s de que se lanzaran desde esa zona en dos tandas seis cohetes, de los que tres cruzaron a territorio israel\u00ed.<\/p>\n<p>\u00abAviones de combate israel\u00edes atacaron objetivos adicionales en territorio sirio, incluido un complejo militar de la Cuarta Divisi\u00f3n de las Fuerzas Armadas de Siria, sistemas de radares militares y puestos de artiller\u00eda utilizados por las Fuerzas Armadas de Siria\u00bb, inform\u00f3 en un comunicado un portavoz militar israel\u00ed.<\/p>\n<p>Previamente, tropas israel\u00edes atacaron con artiller\u00eda desde la frontera y con drones los puestos desde donde se lanzaron los cohetes, que fueron los primeros disparados desde Siria a Israel desde 2019 y se producen dos d\u00edas despu\u00e9s de que milicias palestinas lanzaran una treintena de proyectiles desde el sur de L\u00edbano y m\u00e1s de una decena desde Gaza.<\/p>\n<p>Israel tambi\u00e9n respondi\u00f3 bombardeando con misiles objetivos de Ham\u00e1s tanto en la franja como en el sur de L\u00edbano, desde donde se llev\u00f3 a cabo el mayor ataque en esa frontera desde 2006, cuando tropas israel\u00edes libraron una guerra de un mes con el grupo chi\u00ed liban\u00e9s Hizbul\u00e1, aliado de su enemigo Ir\u00e1n.<\/p>\n<p>Seg\u00fan medios sirios, la aviaci\u00f3n israel\u00ed tambi\u00e9n bombarde\u00f3 cerca de Damasco, ataques que son habituales en los \u00faltimos a\u00f1os y que Israel ha intensificado el \u00faltimo mes, el m\u00e1s reciente este martes en los suburbios de la capital dejando dos muertos civiles.<\/p>\n<p>\u00abLas Fuerzas Armadas israel\u00edes ven al Estado de Siria como responsable de todas las actividades que ocurren dentro de su territorio y no permitir\u00e1n ning\u00fan intento de violar la soberan\u00eda israel\u00ed\u00bb, se\u00f1al\u00f3 el Ej\u00e9rcito de Israel, pa\u00eds que mantiene una fuerte hostilidad con el r\u00e9gimen sirio de Bachar al Asad, tambi\u00e9n aliado de Ir\u00e1n.<\/p>\n<p>Anoche, se lanz\u00f3 una primera tanda de tres cohetes desde Siria a Israel, aunque solo uno cruz\u00f3 a territorio israel\u00ed impactando en un \u00e1rea despoblada; y una segunda ronda de tres cohetes se dispar\u00f3 horas despu\u00e9s, de madrugada, de los que cruzaron dos, uno interceptado por el sistema antimisiles y otro aterriz\u00f3 en zonas deshabitadas.<\/p>\n<p>Los cohetes activaron las alarmas en varias localidades de los Altos del Gol\u00e1n, territorio sirio ocupado por Israel en 1967 y anexionado en 1981.<\/p>\n<p>Seg\u00fan el Observatorio Sirio de Derechos Humanos, ONG con sede en Reino Unido y una amplia red de colaboradores en el terreno, los cohetes se lanzaron desde la provincia de Quneitra, adyacente a los Altos del Gol\u00e1n, que est\u00e1 en manos del Gobierno sirio y cuenta con una creciente presencia de milicias proiran\u00edes aliadas, adem\u00e1s de un despliegue del grupo chiita liban\u00e9s Hizbul\u00e1.<\/p>\n<p>Desde hace a\u00f1os, Israel ataca con frecuencia posiciones de todos estos grupos y milicias, en una guerra soterrada contra Ir\u00e1n en suelo sirio de la que nunca informa y que lleva a cabo con la connivencia de Rusia, pa\u00eds aliado del gobierno sirio y con bases militares en ese pa\u00eds.<\/p>\n<p>El intercambio de fuego en la frontera norte se produce en el marco de un repunte de violencia en la regi\u00f3n, con varios ataques palestinos -que han dejado tres muertos en dos d\u00edas-, y enfrentamientos entre la Polic\u00eda israel\u00ed y fieles palestinos en la sagrada mezquita de Al Aqsa, en el este ocupado de Jerusal\u00e9n, durante el mes de Ramad\u00e1n.<\/p>\n<p>(Informaci\u00f3n de la agencia EFE)<\/p>\n","protected":false},"excerpt":{"rendered":"<p>Redacci\u00f3n\/Zona Roja Cdmx. Ciudad de M\u00e9xico, a 9 de abril de 2023.- El Ej\u00e9rcito israel\u00ed&hellip;<\/p>\n","protected":false},"author":2,"featured_media":53784,"comment_status":"closed","ping_status":"open","sticky":false,"template":"","format":"standard","meta":{"_lmt_disableupdate":"","_lmt_disable":"","_jetpack_memberships_contains_paid_content":false,"footnotes":""},"categories":[109,47],"tags":[2668],"class_list":["post-53783","post","type-post","status-publish","format-standard","has-post-thumbnail","hentry","category-minuto-a-minuto","category-zona-gris","tag-conflicto-gaza-israel"],"jetpack_featured_media_url":"https:\/\/zonaroja.com.mx\/wp-content\/uploads\/2023\/04\/Israel-ataca-a-Siria.jpeg","jetpack_sharing_enabled":true,"_links":{"self":[{"href":"https:\/\/zonaroja.com.mx\/index.php?rest_route=\/wp\/v2\/posts\/53783","targetHints":{"allow":["GET"]}}],"collection":[{"href":"https:\/\/zonaroja.com.mx\/index.php?rest_route=\/wp\/v2\/posts"}],"about":[{"href":"https:\/\/zonaroja.com.mx\/index.php?rest_route=\/wp\/v2\/types\/post"}],"author":[{"embeddable":true,"href":"https:\/\/zonaroja.com.mx\/index.php?rest_route=\/wp\/v2\/users\/2"}],"replies":[{"embeddable":true,"href":"https:\/\/zonaroja.com.mx\/index.php?rest_route=%2Fwp%2Fv2%2Fcomments&post=53783"}],"version-history":[{"count":2,"href":"https:\/\/zonaroja.com.mx\/index.php?rest_route=\/wp\/v2\/posts\/53783\/revisions"}],"predecessor-version":[{"id":53790,"href":"https:\/\/zonaroja.com.mx\/index.php?rest_route=\/wp\/v2\/posts\/53783\/revisions\/53790"}],"wp:featuredmedia":[{"embeddable":true,"href":"https:\/\/zonaroja.com.mx\/index.php?rest_route=\/wp\/v2\/media\/53784"}],"wp:attachment":[{"href":"https:\/\/zonaroja.com.mx\/index.php?rest_route=%2Fwp%2Fv2%2Fmedia&parent=53783"}],"wp:term":[{"taxonomy":"category","embeddable":true,"href":"https:\/\/zonaroja.com.mx\/index.php?rest_route=%2Fwp%2Fv2%2Fcategories&post=53783"},{"taxonomy":"post_tag","embeddable":true,"href":"https:\/\/zonaroja.com.mx\/index.php?rest_route=%2Fwp%2Fv2%2Ftags&post=53783"}],"curies":[{"name":"wp","href":"https:\/\/api.w.org\/{rel}","templated":true}]}}