{"id":53797,"date":"2023-04-09T09:00:28","date_gmt":"2023-04-09T14:00:28","guid":{"rendered":"http:\/\/www.zonaroja.com.mx\/?p=53797"},"modified":"2023-04-09T09:10:11","modified_gmt":"2023-04-09T14:10:11","slug":"53797","status":"publish","type":"post","link":"https:\/\/zonaroja.com.mx\/?p=53797","title":{"rendered":"\u201cD\u00f3nde est\u00e1 mi hijo?, \u00bfya comi\u00f3?, \u00bftendr\u00e1 fr\u00edo?\u201d"},"content":{"rendered":"<p>Ismael Garc\u00eda M.\/Zona Roja.<\/p>\n<p>Oaxaca de Ju\u00e1rez, Oax., a 9 de abril de 2023.- A veces con su esposa, a veces solo.<span class=\"Apple-converted-space\">&nbsp;<\/span><\/p>\n<p>Pero las angustias no lo dejan dormir desde hace 14 meses:<\/p>\n<p>\u201cEs dif\u00edcil, doloroso, porque llega la hora en que va uno a comer y dice uno, \u00bfd\u00f3nde est\u00e1 mi hijo, ya comi\u00f3? Llega la hora en que va uno a dormir, si hace fr\u00edo, dice uno \u00bftendr\u00e1 fr\u00edo mi hijo?<\/p>\n<p>\u201cEs una cosa muy dolorosa de uno como padre, con mi esposa como madre; es algo que no se lo deseamos a nadie ni a la persona que le haya hecho mal a nuestro hijo\u201d.<\/p>\n<p>Es don Agust\u00edn Gonz\u00e1lez Monta\u00f1o que este S\u00e1bado Santo instal\u00f3 una huelga de hambre que ser\u00eda de 60 horas, pero que decidi\u00f3 retirarlo por la tarde, tras recibir atenci\u00f3n de las autoridades de la Fiscal\u00eda General del Estado.<\/p>\n<p>Desde hace casi a\u00f1o y medio busca a su Jes\u00fas Alejandro Gonz\u00e1lez G\u00f3mez, de 36 a\u00f1os de edad, quien desapareci\u00f3 el 24 de enero de 2022 en la calle 16 de Septiembre de la colonia Adolfo L\u00f3pez Mateos, en la agencia de Santa Rosa Panzacola, ciudad de Oaxaca.<\/p>\n<p>Desde entonces su peregrinar es continuo; ha emprendido una lucha en solitario: colocando carteles y lonas en puentes, instalando una pac\u00edfica protesta en la Alameda o en la Catedral; rogando a Dios por su v\u00e1stago.<\/p>\n<p>De los probables autores de la desaparici\u00f3n de su Jes\u00fas Alejandro, no guarda odio, s\u00f3lo quiere justicia:<\/p>\n<p>\u201cPorque tambi\u00e9n ellos tienen hijos, tienen una familia y qu\u00e9 culpa tienen sus hijos, su familia que paguen lo que esas personas hicieron, yo digo que sea justo, el d\u00eda de ma\u00f1ana que lo detengan, que castiguen a esas personas y no a terceros, que ser\u00eda su familia de \u00e9l.<\/p>\n<p>\u201cEl dolor que yo estoy pasando, no quiero que otra persona lo pase, al contrario, a su familia, le deseo lo mejor que pueda vivir, porque en la situaci\u00f3n que yo estoy es algo que no se puede solucionar materialmente, es un ser humano, es una persona, es un hijo que yo amo y quiero, y por eso le pido a las autoridades que hagan el trabajo que tengan que hacer para que mi hijo aparezca\u201d.<\/p>\n<p>Desde la fecha de la desaparici\u00f3n, las autoridades ministeriales llevan a cabo la b\u00fasqueda del joven, pero hasta el momento no hay rastros de Jes\u00fas Alejandro; ni del cuerpo ni de los probables autores del hecho.<\/p>\n<p>\u201cEsas personas que lo hicieron, que lo paguen\u201d, dice don Agust\u00edn, entre l\u00e1grimas.<\/p>\n<p><a href=\"https:\/\/twitter.com\/ZonaRoja_Oaxaca\/status\/1644834073712504838?s=20\">https:\/\/twitter.com\/ZonaRoja_Oaxaca\/status\/1644834073712504838?s=20<\/a><\/p>\n","protected":false},"excerpt":{"rendered":"<p>Ismael Garc\u00eda M.\/Zona Roja. Oaxaca de Ju\u00e1rez, Oax., a 9 de abril de 2023.- A&hellip;<\/p>\n","protected":false},"author":2,"featured_media":53798,"comment_status":"closed","ping_status":"open","sticky":false,"template":"","format":"standard","meta":{"_lmt_disableupdate":"","_lmt_disable":"","_jetpack_memberships_contains_paid_content":false,"footnotes":""},"categories":[109,47],"tags":[3081],"class_list":["post-53797","post","type-post","status-publish","format-standard","has-post-thumbnail","hentry","category-minuto-a-minuto","category-zona-gris","tag-jesus-alejandro-gonzalez-gomez"],"jetpack_featured_media_url":"https:\/\/zonaroja.com.mx\/wp-content\/uploads\/2023\/04\/Agustin-Gonzalez-Montano.jpg","jetpack_sharing_enabled":true,"_links":{"self":[{"href":"https:\/\/zonaroja.com.mx\/index.php?rest_route=\/wp\/v2\/posts\/53797","targetHints":{"allow":["GET"]}}],"collection":[{"href":"https:\/\/zonaroja.com.mx\/index.php?rest_route=\/wp\/v2\/posts"}],"about":[{"href":"https:\/\/zonaroja.com.mx\/index.php?rest_route=\/wp\/v2\/types\/post"}],"author":[{"embeddable":true,"href":"https:\/\/zonaroja.com.mx\/index.php?rest_route=\/wp\/v2\/users\/2"}],"replies":[{"embeddable":true,"href":"https:\/\/zonaroja.com.mx\/index.php?rest_route=%2Fwp%2Fv2%2Fcomments&post=53797"}],"version-history":[{"count":2,"href":"https:\/\/zonaroja.com.mx\/index.php?rest_route=\/wp\/v2\/posts\/53797\/revisions"}],"predecessor-version":[{"id":53800,"href":"https:\/\/zonaroja.com.mx\/index.php?rest_route=\/wp\/v2\/posts\/53797\/revisions\/53800"}],"wp:featuredmedia":[{"embeddable":true,"href":"https:\/\/zonaroja.com.mx\/index.php?rest_route=\/wp\/v2\/media\/53798"}],"wp:attachment":[{"href":"https:\/\/zonaroja.com.mx\/index.php?rest_route=%2Fwp%2Fv2%2Fmedia&parent=53797"}],"wp:term":[{"taxonomy":"category","embeddable":true,"href":"https:\/\/zonaroja.com.mx\/index.php?rest_route=%2Fwp%2Fv2%2Fcategories&post=53797"},{"taxonomy":"post_tag","embeddable":true,"href":"https:\/\/zonaroja.com.mx\/index.php?rest_route=%2Fwp%2Fv2%2Ftags&post=53797"}],"curies":[{"name":"wp","href":"https:\/\/api.w.org\/{rel}","templated":true}]}}