{"id":53806,"date":"2023-04-09T19:21:05","date_gmt":"2023-04-10T00:21:05","guid":{"rendered":"http:\/\/www.zonaroja.com.mx\/?p=53806"},"modified":"2023-04-09T20:14:48","modified_gmt":"2023-04-10T01:14:48","slug":"53806","status":"publish","type":"post","link":"https:\/\/zonaroja.com.mx\/?p=53806","title":{"rendered":"Ingobernabilidad vacacional unos d\u00edas en Oaxaca; ma\u00f1ana reanuda"},"content":{"rendered":"<p>Ismael Garc\u00eda M.\/Zona Roja.<\/p>\n<p>Oaxaca de Ju\u00e1rez, Oax., a 9 de abril de 2023.- El breve receso vacacional de las organizaciones sociales y ciudadanos termina este domingo y ma\u00f1ana las protestas reanudan en Oaxaca, con mayor intensidad.<\/p>\n<p>La Uni\u00f3n de Comunidades Ind\u00edgenas de la Zona Norte (Ucizoni), anunci\u00f3 que, al cumplirse 42 d\u00edas de bloqueo a las v\u00edas f\u00e9rreas del Corredor Interoce\u00e1nico, en el tramo Mogo\u00f1\u00e9 Viejo-Vixidu, San Juan Guichicovi, a partir de ma\u00f1ana lunes intensificar\u00e1n sus movilizaciones.<\/p>\n<p>As\u00ed lo acordaron en asamblea efectuada este d\u00eda por parte de los ejidatarios, a quienes se suman pobladores de diversas localidades istme\u00f1as, tambi\u00e9n con demandas contra las altas tarifas de la energ\u00eda el\u00e9ctrica y contra la imposici\u00f3n de megaproyectos.<\/p>\n<p>Las actividades iniciar\u00edan ma\u00f1ana y, entre otros puntos, estar\u00e1n bloqueadas las carreteras Tehuantepec-Juchit\u00e1n, a la altura de Puente Madera; Santiago Niltepec-San Pedro Tapanatepec, a la altura del puente de Zanatepec.<\/p>\n<p>La v\u00eda Trans\u00edstimica, en el tramo Mat\u00edas Romero-Palomares; Juchit\u00e1n-Ciudad Ixtepec, en inmediaciones de la Unidad Pedag\u00f3gica Nacional; Tehuantepec-Salina Cruz, entre otros.<\/p>\n<p>Por su parte, el Movimiento de Unificaci\u00f3n y Lucha Triqui (MULT) efectuar\u00e1 tambi\u00e9n una megamarcha, desde la agencia de Santa Rosa Panzacola hacia el centro de la ciudad de Oaxaca, para lo cual desde este mediod\u00eda comenzaron a llegar los manifestantes.<\/p>\n<p>En el marco del aniversario luctuoso de Emiliano Zapata, una representaci\u00f3n de la Secci\u00f3n 22 del SNTE efectuar\u00e1 un mitin, en el monumento al caudillo, en el bulevar Eduardo Vasconcelos de la capital.<\/p>\n<p>Otras organizaciones tambi\u00e9n se manifestar\u00e1n este lunes, ante la cerraz\u00f3n de la Secretar\u00eda de Gobierno, que encabeza Jes\u00fas Romero L\u00f3pez, para atender sus demandas.<\/p>\n","protected":false},"excerpt":{"rendered":"<p>Ismael Garc\u00eda M.\/Zona Roja. Oaxaca de Ju\u00e1rez, Oax., a 9 de abril de 2023.- El&hellip;<\/p>\n","protected":false},"author":2,"featured_media":53808,"comment_status":"closed","ping_status":"open","sticky":false,"template":"","format":"standard","meta":{"_lmt_disableupdate":"","_lmt_disable":"","_jetpack_memberships_contains_paid_content":false,"footnotes":""},"categories":[109,47],"tags":[2264],"class_list":["post-53806","post","type-post","status-publish","format-standard","has-post-thumbnail","hentry","category-minuto-a-minuto","category-zona-gris","tag-bloqueos-y-protestas-oaxaca"],"jetpack_featured_media_url":"https:\/\/zonaroja.com.mx\/wp-content\/uploads\/2023\/04\/Movilizaciones-lunes-10-de-abril-Oaxaca.jpg","jetpack_sharing_enabled":true,"_links":{"self":[{"href":"https:\/\/zonaroja.com.mx\/index.php?rest_route=\/wp\/v2\/posts\/53806","targetHints":{"allow":["GET"]}}],"collection":[{"href":"https:\/\/zonaroja.com.mx\/index.php?rest_route=\/wp\/v2\/posts"}],"about":[{"href":"https:\/\/zonaroja.com.mx\/index.php?rest_route=\/wp\/v2\/types\/post"}],"author":[{"embeddable":true,"href":"https:\/\/zonaroja.com.mx\/index.php?rest_route=\/wp\/v2\/users\/2"}],"replies":[{"embeddable":true,"href":"https:\/\/zonaroja.com.mx\/index.php?rest_route=%2Fwp%2Fv2%2Fcomments&post=53806"}],"version-history":[{"count":2,"href":"https:\/\/zonaroja.com.mx\/index.php?rest_route=\/wp\/v2\/posts\/53806\/revisions"}],"predecessor-version":[{"id":53810,"href":"https:\/\/zonaroja.com.mx\/index.php?rest_route=\/wp\/v2\/posts\/53806\/revisions\/53810"}],"wp:featuredmedia":[{"embeddable":true,"href":"https:\/\/zonaroja.com.mx\/index.php?rest_route=\/wp\/v2\/media\/53808"}],"wp:attachment":[{"href":"https:\/\/zonaroja.com.mx\/index.php?rest_route=%2Fwp%2Fv2%2Fmedia&parent=53806"}],"wp:term":[{"taxonomy":"category","embeddable":true,"href":"https:\/\/zonaroja.com.mx\/index.php?rest_route=%2Fwp%2Fv2%2Fcategories&post=53806"},{"taxonomy":"post_tag","embeddable":true,"href":"https:\/\/zonaroja.com.mx\/index.php?rest_route=%2Fwp%2Fv2%2Ftags&post=53806"}],"curies":[{"name":"wp","href":"https:\/\/api.w.org\/{rel}","templated":true}]}}