{"id":53811,"date":"2023-04-09T21:39:05","date_gmt":"2023-04-10T02:39:05","guid":{"rendered":"http:\/\/www.zonaroja.com.mx\/?p=53811"},"modified":"2023-04-09T21:40:07","modified_gmt":"2023-04-10T02:40:07","slug":"53811","status":"publish","type":"post","link":"https:\/\/zonaroja.com.mx\/?p=53811","title":{"rendered":"Lamenta Arzobispo de Oaxaca creciente inseguridad y desaparici\u00f3n de personas"},"content":{"rendered":"<p>Ismael Garc\u00eda M.\/Zona Roja.<\/p>\n<p>Oaxaca de Ju\u00e1rez, Oax., a 9 de abril de 2023.- Al predicar sobre el Evangelio, \u201cMe vino el pensamiento de tantas madres y padres de familia que buscan al ser querido, pero no en las tumbas, no en los sepulcros.<span class=\"Apple-converted-space\">&nbsp;<\/span><\/p>\n<p>\u201c\u00a1No! Los buscan en otros espacios, porque se los llevaron los levantaron, y tienen meses, y tienen a\u00f1os buscando a su ser querido, y no lo encuentran.<\/p>\n<p>\u201cY encuentra fosas, donde hay restos humanos y esperan encontrar en esos restos los de los suyos; cuanto sufrimiento, cu\u00e1nto dolor, los padres quieren saber d\u00f3nde qued\u00f3 su hijo, qu\u00e9 hicieron con su hijo; probablemente usted ha tenido ese dolor y ese sufrimiento, porque alguien cercano, un pariente suyo, se lo han llevado, y no sabe d\u00f3nde est\u00e1n\u201d.<\/p>\n<p>As\u00ed se expres\u00f3 el Arzobispo de Antequera Oaxaca, Pedro V\u00e1zquez Villalobos, durante su homil\u00eda de este d\u00eda en la Catedral de Oaxaca, en la festividad religiosa del Domingo de Resurecci\u00f3n.<\/p>\n<p>El prelado se refiri\u00f3 tambi\u00e9n a la grave ola de inseguridad por la que atraviesan las familias mexicanas:<\/p>\n<p>\u201cHay injusticias, hay maldad en el coraz\u00f3n del hombre, hay asesinatos, hay muertes violentas, hay feminicidios, hay inseguridad, hay robos, hay mucha droga, hay muchos vicios, hay muchos centros de diversi\u00f3n y de pasatiempo no tan buenos, no tan limpios, no tan sanos.<\/p>\n<p>\u201cNo hay presencia del resucitado, en ciertos espacios y en ciertos lugares, no hay presencia del resucitado, y la tiene que dar usted, con su vida, la tengo que dar yo con mi vida, usted donde se pare haga presente al resucitado, en la vivencia de gracia y de santidad\u201d, dijo este mediod\u00eda.<\/p>\n<p>Y al abordar el tema de las personas desaparecidas, incluso cont\u00f3 un testimonio propio:<\/p>\n<p>\u201cYo tengo parientes m\u00edos, que no saben d\u00f3nde est\u00e1n, que no saben qu\u00e9 pas\u00f3 co ellos, qu\u00e9 pas\u00f3 con ellos, y hay mucho dolor, y se vive con la esperanza de encontrarlos, de tener una noticia, de tener algo, pero pasan los meses y los a\u00f1os y no se sabe nada\u201d.<\/p>\n<p>Tambi\u00e9n narr\u00f3 un reciente caso que escuch\u00f3 de un menor de edad durante estas actividades de Semana Santa, que cont\u00f3 de la desaparici\u00f3n de su hermanita.<\/p>\n<p>\u201cCu\u00e1nto dolor, que regrese la hermanita, que regrese. Y que regresen tantas personas que est\u00e1n perdidas y que no se sabe de ellos.<\/p>\n<p>\u201cPorque queremos alegrarnos con su presencia, y poder decir ha resucitado, est\u00e1 con nosotros, de nuevo nos encontramos con el ser querido.<\/p>\n<p>\u00abDios nos proteja a todos, los proteja, los cuide, donde quiera que ande, y siempre ded\u00edquense a hacer el bien\u201d, dijo el prelado de la iglesia Cat\u00f3lica, al rememorar la resurrecci\u00f3n de Jesucristo.<\/p>\n<p>\u201cCu\u00e1nto dolor, queremos darle como decimos cristiana sepultura, y no podemos, porque no tenemos sus restos, no loa tenemos, la tumba est\u00e1 vac\u00eda, las fosas comunes est\u00e1n llenas de huesos, dolor, tristeza, pero ellos resucitar\u00e1n\u201d, dijo.<\/p>\n<p><a href=\"https:\/\/twitter.com\/ZonaRoja_Oaxaca\/status\/1645152247486066689?s=20\">https:\/\/twitter.com\/ZonaRoja_Oaxaca\/status\/1645152247486066689?s=20<\/a><\/p>\n","protected":false},"excerpt":{"rendered":"<p>Ismael Garc\u00eda M.\/Zona Roja. Oaxaca de Ju\u00e1rez, Oax., a 9 de abril de 2023.- Al&hellip;<\/p>\n","protected":false},"author":2,"featured_media":53812,"comment_status":"closed","ping_status":"open","sticky":false,"template":"","format":"standard","meta":{"_lmt_disableupdate":"","_lmt_disable":"","_jetpack_memberships_contains_paid_content":false,"footnotes":""},"categories":[109,47],"tags":[2219],"class_list":["post-53811","post","type-post","status-publish","format-standard","has-post-thumbnail","hentry","category-minuto-a-minuto","category-zona-gris","tag-arzobispo-pedro-vazquez-villalobos"],"jetpack_featured_media_url":"https:\/\/zonaroja.com.mx\/wp-content\/uploads\/2023\/04\/Mensaje-Arzobispo-de-Oaxaca.jpg","jetpack_sharing_enabled":true,"_links":{"self":[{"href":"https:\/\/zonaroja.com.mx\/index.php?rest_route=\/wp\/v2\/posts\/53811","targetHints":{"allow":["GET"]}}],"collection":[{"href":"https:\/\/zonaroja.com.mx\/index.php?rest_route=\/wp\/v2\/posts"}],"about":[{"href":"https:\/\/zonaroja.com.mx\/index.php?rest_route=\/wp\/v2\/types\/post"}],"author":[{"embeddable":true,"href":"https:\/\/zonaroja.com.mx\/index.php?rest_route=\/wp\/v2\/users\/2"}],"replies":[{"embeddable":true,"href":"https:\/\/zonaroja.com.mx\/index.php?rest_route=%2Fwp%2Fv2%2Fcomments&post=53811"}],"version-history":[{"count":2,"href":"https:\/\/zonaroja.com.mx\/index.php?rest_route=\/wp\/v2\/posts\/53811\/revisions"}],"predecessor-version":[{"id":53814,"href":"https:\/\/zonaroja.com.mx\/index.php?rest_route=\/wp\/v2\/posts\/53811\/revisions\/53814"}],"wp:featuredmedia":[{"embeddable":true,"href":"https:\/\/zonaroja.com.mx\/index.php?rest_route=\/wp\/v2\/media\/53812"}],"wp:attachment":[{"href":"https:\/\/zonaroja.com.mx\/index.php?rest_route=%2Fwp%2Fv2%2Fmedia&parent=53811"}],"wp:term":[{"taxonomy":"category","embeddable":true,"href":"https:\/\/zonaroja.com.mx\/index.php?rest_route=%2Fwp%2Fv2%2Fcategories&post=53811"},{"taxonomy":"post_tag","embeddable":true,"href":"https:\/\/zonaroja.com.mx\/index.php?rest_route=%2Fwp%2Fv2%2Ftags&post=53811"}],"curies":[{"name":"wp","href":"https:\/\/api.w.org\/{rel}","templated":true}]}}