{"id":53819,"date":"2023-04-10T08:31:51","date_gmt":"2023-04-10T13:31:51","guid":{"rendered":"http:\/\/www.zonaroja.com.mx\/?p=53819"},"modified":"2023-04-10T08:32:33","modified_gmt":"2023-04-10T13:32:33","slug":"53819","status":"publish","type":"post","link":"https:\/\/zonaroja.com.mx\/?p=53819","title":{"rendered":"\u201cLo asesinaron los polic\u00edas\u201d, acusa madre de familia, sobre presunto accidente"},"content":{"rendered":"<p>Ismael Garc\u00eda M.\/Zona Roja.<\/p>\n<p>Oaxaca de Ju\u00e1rez de Ju\u00e1rez, Oax., a 9 de abril de 2023.- Un trabajador del \u00e1rea de limpia del ayuntamiento de Oaxaca de Ju\u00e1rez, identificado como Roberto S. C., de 18 a\u00f1os de edad, muri\u00f3 anoche tras ser arrollado en su motocicleta por una patrulla de la Polic\u00eda Estatal.<\/p>\n<p>Sin embargo, la madre de la v\u00edctima acus\u00f3 que los elementos de la Secretar\u00eda de Seguridad y Protecci\u00f3n Ciudadana, que encabeza el marino Iv\u00e1n Garc\u00eda \u00c1lvarez, lo asesinaron, tras una persecuci\u00f3n.<\/p>\n<p>El hecho ocurri\u00f3 alrededor de las 22:00 horas en la carretera de las riberas del r\u00edo \u201cAtoyac\u201d, cerca del puente vial \u201cCalifornia\u201d, en jurisdicci\u00f3n de San Juan Chapultepec.<\/p>\n<p>Seg\u00fan la versi\u00f3n preliminar de los polic\u00edas, cuya patrulla volc\u00f3 y del cual resultaron tres uniformados lesionados, ven\u00edan siguiendo al motociclista por sospechoso de un delito, pero supuestamente el motociclista derrap\u00f3 y tras ello perdi\u00f3 la vida.<\/p>\n<div class=\"twitter-tweet\">\n<blockquote class=\"twitter-tweet\" data-lang=\"es\">\n<p lang=\"es\" dir=\"ltr\"><a href=\"https:\/\/twitter.com\/hashtag\/%C3%9AltimoMinuto?src=hash&amp;ref_src=twsrc%5Etfw\">#\u00daltimoMinuto<\/a><br \/>Un motociclista fallecido y tres elementos lesionados, es el saldo de un percance ocurrido esta noche en las riberas del r\u00edo \u201cAtoyac\u201d, cerca del puente \u201cCalifornia\u201d, ciudad de Oaxaca.<br \/>Polic\u00edas de la <a href=\"https:\/\/twitter.com\/SSPC_GobOax?ref_src=twsrc%5Etfw\">@SSPC_GobOax<\/a> habr\u00edan arrollado y matado a la v\u00edctima. <a href=\"https:\/\/t.co\/9RDc9fbO3j\">pic.twitter.com\/9RDc9fbO3j<\/a><\/p>\n<p>&mdash; Zona Roja Oaxaca (@ZonaRoja_Oaxaca) <a href=\"https:\/\/twitter.com\/ZonaRoja_Oaxaca\/status\/1645279784564404224?ref_src=twsrc%5Etfw\">10 de abril de 2023<\/a><\/p><\/blockquote>\n<\/div>\n<p>La se\u00f1ora Guadalupe, madre del hoy occiso, acus\u00f3 que los elementos de la Polic\u00eda Estatal lo asesinaron y su hijo de ninguna manera comet\u00eda o cometi\u00f3 alg\u00fan delito.<\/p>\n<p>Hab\u00eda acudido a visitarla a ella, en San Jer\u00f3nimo Yahuiche y se dirig\u00eda a su domicilio, en la agencia de Cruz Blanca, Cuil\u00e1pam de Guerrero, cuando fue ultimado.<\/p>\n<p>\u201cC\u00f3mo va a ser un delincuente, la polic\u00eda quiero que responda por mi hijo, que le d\u00e9 indemnizaci\u00f3n a mi nieta, porque dej\u00f3 una nena de tres a\u00f1os y \u00e9l solo trabajaba\u2026 que la autoridad me haga justicia.<\/p>\n<p>\u201cPor qu\u00e9 le hicieron eso a mi hijo, hay verdaderos delincuentes que est\u00e1n libres y no les hacen nada, por qu\u00e9 mi hijo, que trabaja. \u00a1Nosotros no somos delincuentes!\u201d, dijo anoche en entrevista con periodistas en la zona.<\/p>\n<p>Hasta el momento, la Secretar\u00eda de Seguridad no ha dado ninguna versi\u00f3n de los hechos.<\/p>\n<div class=\"twitter-tweet\">\n<blockquote class=\"twitter-tweet\" data-lang=\"es\">\n<p lang=\"es\" dir=\"ltr\">1. Como Roberto S. C., de 18 a\u00f1os de edad, fue identificada la persona que muri\u00f3, al parecer atropellada por una patrulla de la <a href=\"https:\/\/twitter.com\/Policia_GobOax?ref_src=twsrc%5Etfw\">@Policia_GobOax<\/a>, anoche en la carretera de las riberas del r\u00edo \u201cAtoyac\u201d, cerca del puente \u201cCalifornia\u201d; supuestamente hu\u00eda en motocicleta y fue\u2026 <a href=\"https:\/\/t.co\/3m9BoZ3Wxi\">pic.twitter.com\/3m9BoZ3Wxi<\/a><\/p>\n<p>&mdash; Zona Roja Oaxaca (@ZonaRoja_Oaxaca) <a href=\"https:\/\/twitter.com\/ZonaRoja_Oaxaca\/status\/1645412316278669312?ref_src=twsrc%5Etfw\">10 de abril de 2023<\/a><\/p><\/blockquote>\n<\/div>\n","protected":false},"excerpt":{"rendered":"<p>Ismael Garc\u00eda M.\/Zona Roja. Oaxaca de Ju\u00e1rez de Ju\u00e1rez, Oax., a 9 de abril de&hellip;<\/p>\n","protected":false},"author":2,"featured_media":53820,"comment_status":"closed","ping_status":"open","sticky":false,"template":"","format":"standard","meta":{"_lmt_disableupdate":"","_lmt_disable":"","_jetpack_memberships_contains_paid_content":false,"footnotes":""},"categories":[109,51],"tags":[148],"class_list":["post-53819","post","type-post","status-publish","format-standard","has-post-thumbnail","hentry","category-minuto-a-minuto","category-zona-roja","tag-oaxaca-de-juarez"],"jetpack_featured_media_url":"https:\/\/zonaroja.com.mx\/wp-content\/uploads\/2023\/04\/Arrollado-asesinado-riberas-Atoyac-ciudad-de-Oaxaca.jpg","jetpack_sharing_enabled":true,"_links":{"self":[{"href":"https:\/\/zonaroja.com.mx\/index.php?rest_route=\/wp\/v2\/posts\/53819","targetHints":{"allow":["GET"]}}],"collection":[{"href":"https:\/\/zonaroja.com.mx\/index.php?rest_route=\/wp\/v2\/posts"}],"about":[{"href":"https:\/\/zonaroja.com.mx\/index.php?rest_route=\/wp\/v2\/types\/post"}],"author":[{"embeddable":true,"href":"https:\/\/zonaroja.com.mx\/index.php?rest_route=\/wp\/v2\/users\/2"}],"replies":[{"embeddable":true,"href":"https:\/\/zonaroja.com.mx\/index.php?rest_route=%2Fwp%2Fv2%2Fcomments&post=53819"}],"version-history":[{"count":2,"href":"https:\/\/zonaroja.com.mx\/index.php?rest_route=\/wp\/v2\/posts\/53819\/revisions"}],"predecessor-version":[{"id":53822,"href":"https:\/\/zonaroja.com.mx\/index.php?rest_route=\/wp\/v2\/posts\/53819\/revisions\/53822"}],"wp:featuredmedia":[{"embeddable":true,"href":"https:\/\/zonaroja.com.mx\/index.php?rest_route=\/wp\/v2\/media\/53820"}],"wp:attachment":[{"href":"https:\/\/zonaroja.com.mx\/index.php?rest_route=%2Fwp%2Fv2%2Fmedia&parent=53819"}],"wp:term":[{"taxonomy":"category","embeddable":true,"href":"https:\/\/zonaroja.com.mx\/index.php?rest_route=%2Fwp%2Fv2%2Fcategories&post=53819"},{"taxonomy":"post_tag","embeddable":true,"href":"https:\/\/zonaroja.com.mx\/index.php?rest_route=%2Fwp%2Fv2%2Ftags&post=53819"}],"curies":[{"name":"wp","href":"https:\/\/api.w.org\/{rel}","templated":true}]}}