{"id":53825,"date":"2023-04-10T08:30:56","date_gmt":"2023-04-10T13:30:56","guid":{"rendered":"http:\/\/www.zonaroja.com.mx\/?p=53825"},"modified":"2023-04-10T09:44:23","modified_gmt":"2023-04-10T14:44:23","slug":"53825","status":"publish","type":"post","link":"https:\/\/zonaroja.com.mx\/?p=53825","title":{"rendered":"El Salvador exige renuncia de funcionarios mexicanos por muerte de migrantes"},"content":{"rendered":"<p>Redacci\u00f3n\/Zona Roja Cdmx.<\/p>\n<p>Ciudad de M\u00e9xico, a 9 de abril de 2023.- La viceministra de Di\u00e1spora y Movilidad Humana de la Canciller\u00eda de El Salvador, Cindy Portal, dijo que el Gobierno exige la renuncia de los responsables de la pol\u00edtica migratoria&nbsp;de M\u00e9xico tras la muerte de 7 salvadore\u00f1os en un incendio en una estaci\u00f3n migratoria.<\/p>\n<p>\u201cSobre todo, estamos exigiendo tambi\u00e9n la renuncia de las personas que son responsables de la pol\u00edtica migratoria de M\u00e9xico\u201d, dijo la funcionaria en una conferencia de prensa en la que se inform\u00f3 de la entrega de los cuerpos de las v\u00edctimas a sus familiares en territorio salvadore\u00f1o.<\/p>\n<p>La noche del 27 de marzo un incendio en el centro del Instituto Nacional de Migraci\u00f3n, en la frontera de M\u00e9xico con Estados Unidos, mat\u00f3 a 40 migrantes, entre ellos 6 hondure\u00f1os, 7 salvadore\u00f1os, 18 guatemaltecos, 7 venezolanos y un colombiano, incidente que el Gobierno salvadore\u00f1o califica de ser un \u201ccrimen de Estado\u201d.<\/p>\n<p>Portal subray\u00f3 que desde el Gobierno salvadore\u00f1o \u201cestamos exigiendo que los culpables de este crimen puedan pagar con c\u00e1rcel, que la Fiscal\u00eda (mexicana) haga el trabajo que le corresponde de hacer una investigaci\u00f3n exhaustiva\u201d.<\/p>\n<p>Adem\u00e1s, indic\u00f3 que han pedido que \u201clos sobrevivientes formen parte de la carpeta t\u00e9cnica de la investigaci\u00f3n\u201d.<\/p>\n<p>\u201cNuestro pa\u00eds est\u00e1 y estar\u00e1 muy pendiente de cada uno de los avances que se realicen en este pa\u00eds (M\u00e9xico), porque no queremos que este hecho quede y sea uno m\u00e1s que quede en la impunidad\u201d, agreg\u00f3.<\/p>\n<p>La viceministra indic\u00f3 que este no es el primer caso en el que se reporta la muerte de migrantes salvadore\u00f1os en territorio mexicano y que \u201chay muchos casos que han quedado en la impunidad y que nosotros estamos solicitando el resarcimiento de los da\u00f1os\u201d.<\/p>\n<p>Record\u00f3 que en 2010, en la masacre de 72 migrantes, fueron asesinados 14 salvadore\u00f1os, que en 2011 se localizaron los cuerpos de dos de sus compatriotas en Tamaulipas en fosas clandestinas y las muertes de Victoria Salazar y C\u00e9sar Adonay a manos de agentes estatales.<\/p>\n<p>De acuerdo con Portal, los fallecidos en el incendio son todos hombres, con edades entre los 35 y 40 a\u00f1os de edad, quienes son originarios de los departamentos de Sonsonate, Chalatenango, La Libertad y San Salvador.<\/p>\n<p>Indic\u00f3 que en el incendio resultaron heridas 5 personas m\u00e1s, de las que 2 se encuentran hospitalizadas, adem\u00e1s 3 mujeres sobrevivieron y \u201ccontinuaron su camino hacia Estados Unidos\u201d.<\/p>\n<p>(Con informaci\u00f3n de EFE, en L\u00f3pez-D\u00f3riga Digital)<\/p>\n","protected":false},"excerpt":{"rendered":"<p>Redacci\u00f3n\/Zona Roja Cdmx. Ciudad de M\u00e9xico, a 9 de abril de 2023.- La viceministra de&hellip;<\/p>\n","protected":false},"author":2,"featured_media":53826,"comment_status":"closed","ping_status":"open","sticky":false,"template":"","format":"standard","meta":{"_lmt_disableupdate":"","_lmt_disable":"","_jetpack_memberships_contains_paid_content":false,"footnotes":""},"categories":[109,47],"tags":[3492],"class_list":["post-53825","post","type-post","status-publish","format-standard","has-post-thumbnail","hentry","category-minuto-a-minuto","category-zona-gris","tag-migrantes-ciudad-juarez"],"jetpack_featured_media_url":"https:\/\/zonaroja.com.mx\/wp-content\/uploads\/2023\/04\/Miigrantes-Ciudad-Juarez-muertos.jpeg","jetpack_sharing_enabled":true,"_links":{"self":[{"href":"https:\/\/zonaroja.com.mx\/index.php?rest_route=\/wp\/v2\/posts\/53825","targetHints":{"allow":["GET"]}}],"collection":[{"href":"https:\/\/zonaroja.com.mx\/index.php?rest_route=\/wp\/v2\/posts"}],"about":[{"href":"https:\/\/zonaroja.com.mx\/index.php?rest_route=\/wp\/v2\/types\/post"}],"author":[{"embeddable":true,"href":"https:\/\/zonaroja.com.mx\/index.php?rest_route=\/wp\/v2\/users\/2"}],"replies":[{"embeddable":true,"href":"https:\/\/zonaroja.com.mx\/index.php?rest_route=%2Fwp%2Fv2%2Fcomments&post=53825"}],"version-history":[{"count":2,"href":"https:\/\/zonaroja.com.mx\/index.php?rest_route=\/wp\/v2\/posts\/53825\/revisions"}],"predecessor-version":[{"id":53835,"href":"https:\/\/zonaroja.com.mx\/index.php?rest_route=\/wp\/v2\/posts\/53825\/revisions\/53835"}],"wp:featuredmedia":[{"embeddable":true,"href":"https:\/\/zonaroja.com.mx\/index.php?rest_route=\/wp\/v2\/media\/53826"}],"wp:attachment":[{"href":"https:\/\/zonaroja.com.mx\/index.php?rest_route=%2Fwp%2Fv2%2Fmedia&parent=53825"}],"wp:term":[{"taxonomy":"category","embeddable":true,"href":"https:\/\/zonaroja.com.mx\/index.php?rest_route=%2Fwp%2Fv2%2Fcategories&post=53825"},{"taxonomy":"post_tag","embeddable":true,"href":"https:\/\/zonaroja.com.mx\/index.php?rest_route=%2Fwp%2Fv2%2Ftags&post=53825"}],"curies":[{"name":"wp","href":"https:\/\/api.w.org\/{rel}","templated":true}]}}