{"id":5384,"date":"2019-11-03T15:29:19","date_gmt":"2019-11-03T21:29:19","guid":{"rendered":"http:\/\/www.zonaroja.com.mx\/?p=5384"},"modified":"2019-11-03T15:29:22","modified_gmt":"2019-11-03T21:29:22","slug":"el-congreso-de-oaxaca-ampliara-el-debate-sobre-legalizacion-mariguana","status":"publish","type":"post","link":"https:\/\/zonaroja.com.mx\/?p=5384","title":{"rendered":"El Congreso de Oaxaca ampliar\u00e1 el debate sobre legalizaci\u00f3n mariguana"},"content":{"rendered":"\n<p>Redacci\u00f3n\/Zona\nRoja.<\/p>\n\n\n\n<p>Oaxaca de\nJu\u00e1rez, Oax., El Congreso del Estado de Oaxaca ampliar\u00e1 el debate sobre la\nlegalizaci\u00f3n del uso de la mariguana.<\/p>\n\n\n\n<p>Para ello, emiti\u00f3\nla invitaci\u00f3n al conversatorio ciudadano \u201cEl renacimiento del cannabis, la\nciencia valida la tradici\u00f3n\u201d, el cual se realizar\u00e1 este martes 5 de noviembre a\nlas 11:00 horas en la sala audiovisual del Poder Legislativo.<\/p>\n\n\n\n<p>En el encuentro\nse abordar\u00e1n los temas relacionados a los avances legales sobre la regulaci\u00f3n\ndel cannabis, as\u00ed como el significado que la planta tiene en las Am\u00e9ricas.<\/p>\n\n\n\n<p>La\nconversaci\u00f3n entre diputados, especialistas y la ciudadan\u00eda oaxaque\u00f1a tiene\ncomo objetivo ampliar en Oaxaca el debate sobre la regularizaci\u00f3n y el an\u00e1lisis\ndel impacto social que este avance legislativo tendr\u00e1 en los procesos de\nproducci\u00f3n, consumo, exportaci\u00f3n y usos de esta planta.<\/p>\n\n\n\n<p>El diputado por\nel Partido Morena, Horacio Sosa Villavicencio, se\u00f1al\u00f3 que con este evento el Congreso\ndel Estado inicia la ruta legislativa sobre el cannabis.<\/p>\n\n\n\n<p>\u201cVamos a\nampliar el debate ciudadano en Oaxaca para definir las pol\u00edticas p\u00fablicas y las\nacciones que debe adoptar el Poder Legislativo frente a este tema\u201d, declar\u00f3\nSosa Villavicencio.<\/p>\n\n\n\n<p>Indic\u00f3 que este\nconversatorio est\u00e1 abierto al p\u00fablico en general interesado en el debate sobre\nla legalizaci\u00f3n del cannabis, en espec\u00edfico los sectores relacionados a la\nsalud p\u00fablica, educativa y cultural.<\/p>\n","protected":false},"excerpt":{"rendered":"<p>Redacci\u00f3n\/Zona Roja. Oaxaca de Ju\u00e1rez, Oax., El Congreso del Estado de Oaxaca ampliar\u00e1 el debate&hellip;<\/p>\n","protected":false},"author":2,"featured_media":5385,"comment_status":"closed","ping_status":"open","sticky":false,"template":"","format":"standard","meta":{"_lmt_disableupdate":"","_lmt_disable":"","_jetpack_memberships_contains_paid_content":false,"footnotes":""},"categories":[109],"tags":[213,444],"class_list":["post-5384","post","type-post","status-publish","format-standard","has-post-thumbnail","hentry","category-minuto-a-minuto","tag-64-legislatura-de-oaxaca","tag-horacio-sosa-villavicencio"],"jetpack_featured_media_url":"https:\/\/zonaroja.com.mx\/wp-content\/uploads\/2019\/11\/marihuana.jpg","jetpack_sharing_enabled":true,"_links":{"self":[{"href":"https:\/\/zonaroja.com.mx\/index.php?rest_route=\/wp\/v2\/posts\/5384","targetHints":{"allow":["GET"]}}],"collection":[{"href":"https:\/\/zonaroja.com.mx\/index.php?rest_route=\/wp\/v2\/posts"}],"about":[{"href":"https:\/\/zonaroja.com.mx\/index.php?rest_route=\/wp\/v2\/types\/post"}],"author":[{"embeddable":true,"href":"https:\/\/zonaroja.com.mx\/index.php?rest_route=\/wp\/v2\/users\/2"}],"replies":[{"embeddable":true,"href":"https:\/\/zonaroja.com.mx\/index.php?rest_route=%2Fwp%2Fv2%2Fcomments&post=5384"}],"version-history":[{"count":1,"href":"https:\/\/zonaroja.com.mx\/index.php?rest_route=\/wp\/v2\/posts\/5384\/revisions"}],"predecessor-version":[{"id":5386,"href":"https:\/\/zonaroja.com.mx\/index.php?rest_route=\/wp\/v2\/posts\/5384\/revisions\/5386"}],"wp:featuredmedia":[{"embeddable":true,"href":"https:\/\/zonaroja.com.mx\/index.php?rest_route=\/wp\/v2\/media\/5385"}],"wp:attachment":[{"href":"https:\/\/zonaroja.com.mx\/index.php?rest_route=%2Fwp%2Fv2%2Fmedia&parent=5384"}],"wp:term":[{"taxonomy":"category","embeddable":true,"href":"https:\/\/zonaroja.com.mx\/index.php?rest_route=%2Fwp%2Fv2%2Fcategories&post=5384"},{"taxonomy":"post_tag","embeddable":true,"href":"https:\/\/zonaroja.com.mx\/index.php?rest_route=%2Fwp%2Fv2%2Ftags&post=5384"}],"curies":[{"name":"wp","href":"https:\/\/api.w.org\/{rel}","templated":true}]}}