{"id":53842,"date":"2023-04-10T16:21:18","date_gmt":"2023-04-10T21:21:18","guid":{"rendered":"http:\/\/www.zonaroja.com.mx\/?p=53842"},"modified":"2023-04-10T16:21:20","modified_gmt":"2023-04-10T21:21:20","slug":"escala-ingobernabilidad-en-oaxaca-y-ahora-causa-confrontacion-ciudadana","status":"publish","type":"post","link":"https:\/\/zonaroja.com.mx\/?p=53842","title":{"rendered":"Escala ingobernabilidad en Oaxaca y ahora causa confrontaci\u00f3n ciudadana"},"content":{"rendered":"\n<p>Yuridiana Sosa\/Zona Roja.<\/p>\n\n\n\n<p>Oaxaca de Ju\u00e1rez, Oax., a 10 de abril de 2023.- La falta de una atenci\u00f3n oportuna y eficaz del Gobierno de Salom\u00f3n Jara volvi\u00f3 a ser motivo del colapso en la entidad con protestas y bloqueos que en esta ocasi\u00f3n lleg\u00f3 a la confrontaci\u00f3n entre ciudadanos.<\/p>\n\n\n\n<p>A\u00fan en periodo vacacional, la capital del estado vivi\u00f3 el caos desde las primeras horas del d\u00eda con una serie de manifestaciones, mientras que en la regi\u00f3n del Istmo diversos bloqueos sitiaron esa zona del estado, as\u00ed como otras inconformidades se registraron en la regi\u00f3n de la Mixteca.<\/p>\n\n\n\n<p>Padres de familia de la escuela Independencia de la agencia de Santa Rosa Panzacola, de la ciudad capital, bloquearon calles del Centro Hist\u00f3rico, frente a las oficinas de los Servicios de Agua Potable y Alcantarillado de Oaxaca (SAPAO) como de medida de presi\u00f3n para que la dependencia haga caso, ahora s\u00ed, a la petici\u00f3n de un a un desazolve para dicho plantel.<\/p>\n\n\n\n<p>El cierre de calles, entre ellas de Tinoco y Palacios con Morelos e Independencia, provoc\u00f3 que taxistas de la ciudad confrontaran a los padres de familia.&nbsp;<\/p>\n\n\n\n<p>Enardecidos por el caos vial en el que se encontraban estancados, taxistas capitalinos descendieron de sus unidades para reclamar a los manifestantes y exigirles el retiro del bloqueo; los padres resistieron en la protesta.<\/p>\n\n\n\n<p>MARCHAS&nbsp;<\/p>\n\n\n\n<p>Diversas organizaciones sociales se movilizaron&nbsp;este lunes, en el inicio de una lucha com\u00fan para denunciar el desinter\u00e9s del gobierno del estado a la atenci\u00f3n de sus demandas.<\/p>\n\n\n\n<p>La jornada se enmarca en la conmemoraci\u00f3n de un aniversario m\u00e1s de la muerte del General Emiliano Zapata \u00abEl Caudillo del Sur\u00bb.<\/p>\n\n\n\n<p>Las marchas fueron encabezadas por el Frente Popular Revolucionario (FPR), quienes por varios minutos bloquearon la carretera federal 175 a la Costa, a la altura del crucero al aeropuerto, en jurisdicci\u00f3n de Santa Cruz Xoxocotl\u00e1n. Tras ello, salieron en marcha al centro de la ciudad de Oaxaca, al monumento de Emiliano Zapata.&nbsp;<\/p>\n\n\n\n<p>As\u00ed tambi\u00e9n el Movimiento de Unificaci\u00f3n y Lucha Triqui (MULT) march\u00f3 del mercado zonal de Santa Roza Panzacola, con rumbo al z\u00f3calo, para exigir cumplimiento a sus diversas demandas en materia social y de justicia.<\/p>\n\n\n\n<p>Por su parte, la Secci\u00f3n 22 del Sindicato Nacional de Trabajadores de la Educaci\u00f3n, acompa\u00f1ada por organizaciones, particip\u00f3 de la conmemoraci\u00f3n del aniversario luctuoso de Emiliano Zapata y recordaron que su lucha magisterial por la defensa de sus derechos continuar\u00e1.<\/p>\n\n\n\n<p>Mientras que, como aporte a la denuncia p\u00fablica, ex trabajadores del Museo de Arte Contempor\u00e1neo de Oaxaca (MACO) realizaron una protesta en el exterior del recinto cultural a dos a\u00f1os del despido de 11 empleados, pues a\u00fan no hay justicia laboral.<\/p>\n\n\n\n<p>ISTMO<\/p>\n\n\n\n<p>Miles de pobladores de la regi\u00f3n del Istmo instalaron bloqueos como parte de su jornada de protesta contra las altas tarifas de CFE y en rechazo a la imposici\u00f3n del Corredor Interoce\u00e1nico del Istmo de Tehuantepec (CIIT).<\/p>\n\n\n\n<p>Los manifestantes, integrantes de la Red de las Resistencias, son parte de la Uni\u00f3n de Comunidades Ind\u00edgenas de la Zona Norte del Istmo (UCIZONI), Corriente del Pueblo Sol Rojo (CP-Sol Rojo) y la Asamblea de Pueblos Ind\u00edgenas del Istmo en Defensa de la Tierra y el Territorio (APIIDTT).<\/p>\n\n\n\n<p>A m\u00e1s de 40 d\u00edas del bloqueo ferroviario en el tramo Mogo\u00f1e Viejo- Vixidu, los habitantes contin\u00faan en reclamo del pago justo de sus tierras comunales por la expropiaci\u00f3n de su terrenos ocupados&nbsp; para el megaproyecto, y por esto extendieron su protesta a la carretera trans\u00edstmica a la altura de Mogo\u00f1\u00e9 Viejo.<\/p>\n\n\n\n<p>&nbsp;Otro grupo&nbsp;cerr\u00f3&nbsp;la carretera 185 Trans\u00edstmica en el tramo Juchit\u00e1n- Tehuantepec, en el entronque a la agencia de Puente Madera, de San Blas Atempa.<\/p>\n\n\n\n<p>Se registr\u00f3 un bloqueo m\u00e1s &nbsp;el punto conocido como Guamol, de la carretera 190 Panamericana, tramo Niltepec &#8211; Tapanatepec.<\/p>\n\n\n\n<p>As\u00ed como en el tramo Mat\u00edas Romero &#8211; Palomares, a la altura del Puente Malatengo y el Hotel Las Flores, donde incluso se report\u00f3 que los manifestantes realizaban cobros de entre 200 y 500 pesos para el paso vehicular; mientras que otro grupo \u00abtom\u00f3\u00bb las oficinas de la CFE.<\/p>\n\n\n\n<p>MIXTECA<\/p>\n\n\n\n<p>Las protestas contra la Comisi\u00f3n Federal de Electricidad tambi\u00e9n alcanzaron a la regi\u00f3n de la Mixteca, donde militantes de la organizaci\u00f3n MAIZ tambi\u00e9n \u201ctomaron\u201d las oficinas de la paraestatal para exigir tarifas justas en las comunidades donde tiene presencia el grupo.<\/p>\n","protected":false},"excerpt":{"rendered":"<p>Yuridiana Sosa\/Zona Roja. Oaxaca de Ju\u00e1rez, Oax., a 10 de abril de 2023.- La falta&hellip;<\/p>\n","protected":false},"author":2,"featured_media":53841,"comment_status":"closed","ping_status":"open","sticky":false,"template":"","format":"standard","meta":{"_lmt_disableupdate":"","_lmt_disable":"","_jetpack_memberships_contains_paid_content":false,"footnotes":""},"categories":[109,47],"tags":[],"class_list":["post-53842","post","type-post","status-publish","format-standard","has-post-thumbnail","hentry","category-minuto-a-minuto","category-zona-gris"],"jetpack_featured_media_url":"https:\/\/zonaroja.com.mx\/wp-content\/uploads\/2023\/04\/41e6517d-7a11-433a-be75-51a5e463db4c.jpg","jetpack_sharing_enabled":true,"_links":{"self":[{"href":"https:\/\/zonaroja.com.mx\/index.php?rest_route=\/wp\/v2\/posts\/53842","targetHints":{"allow":["GET"]}}],"collection":[{"href":"https:\/\/zonaroja.com.mx\/index.php?rest_route=\/wp\/v2\/posts"}],"about":[{"href":"https:\/\/zonaroja.com.mx\/index.php?rest_route=\/wp\/v2\/types\/post"}],"author":[{"embeddable":true,"href":"https:\/\/zonaroja.com.mx\/index.php?rest_route=\/wp\/v2\/users\/2"}],"replies":[{"embeddable":true,"href":"https:\/\/zonaroja.com.mx\/index.php?rest_route=%2Fwp%2Fv2%2Fcomments&post=53842"}],"version-history":[{"count":1,"href":"https:\/\/zonaroja.com.mx\/index.php?rest_route=\/wp\/v2\/posts\/53842\/revisions"}],"predecessor-version":[{"id":53843,"href":"https:\/\/zonaroja.com.mx\/index.php?rest_route=\/wp\/v2\/posts\/53842\/revisions\/53843"}],"wp:featuredmedia":[{"embeddable":true,"href":"https:\/\/zonaroja.com.mx\/index.php?rest_route=\/wp\/v2\/media\/53841"}],"wp:attachment":[{"href":"https:\/\/zonaroja.com.mx\/index.php?rest_route=%2Fwp%2Fv2%2Fmedia&parent=53842"}],"wp:term":[{"taxonomy":"category","embeddable":true,"href":"https:\/\/zonaroja.com.mx\/index.php?rest_route=%2Fwp%2Fv2%2Fcategories&post=53842"},{"taxonomy":"post_tag","embeddable":true,"href":"https:\/\/zonaroja.com.mx\/index.php?rest_route=%2Fwp%2Fv2%2Ftags&post=53842"}],"curies":[{"name":"wp","href":"https:\/\/api.w.org\/{rel}","templated":true}]}}