{"id":53849,"date":"2023-04-10T19:38:04","date_gmt":"2023-04-11T00:38:04","guid":{"rendered":"http:\/\/www.zonaroja.com.mx\/?p=53849"},"modified":"2023-04-10T20:07:47","modified_gmt":"2023-04-11T01:07:47","slug":"53849","status":"publish","type":"post","link":"https:\/\/zonaroja.com.mx\/?p=53849","title":{"rendered":"Se apoderan c\u00e1rteles Jalisco y de Sinaloa de Xoxocotl\u00e1n; controlan reclusorio de Tanivet"},"content":{"rendered":"<p>Yuridiana Sosa\/Zona Roja.<\/p>\n<p>Oaxaca de Ju\u00e1rez, Oax., a 10 de abril de 2023.- Los recientes hechos ocurridos en Santa Cruz Xoxocotl\u00e1n y en inmediaciones del reclusorio de Tanivet, Tlacolula, en los que se localiz\u00f3 un cuerpo descuartizado y una cabeza humana, respectivamente, est\u00e1n relacionados a la presencia de c\u00e1rteles del crimen organizado, reconoci\u00f3 el gobierno de Oaxaca.<\/p>\n<p>Seg\u00fan el titular de la Secretar\u00eda de Seguridad P\u00fablica y Protecci\u00f3n Ciudadana de Oaxaca, el marino Iv\u00e1n Garc\u00eda \u00c1lvarez, en Xoxocotl\u00e1n operan el C\u00e1rtel Jalisco Nueva Generaci\u00f3n y el C\u00e1rtel de Sinaloa.<\/p>\n<p>Pero de acuerdo con su versi\u00f3n, estas organizaciones criminales \u201cest\u00e1n haciendo golpeteos, para que la ciudadan\u00eda lo vea\u201d, pues mantienen combate a la delincuencia com\u00fan y la organizada.<\/p>\n<p>En el primero de los casos un cuerpo desmembrado arrojado en dos bolsas de pl\u00e1stico en lugares visibles al p\u00fablico, como fue el monumento a Benito Ju\u00e1rez y el m\u00e1s reciente, una cabeza humana envuelta en la carretera 190, en el acceso al penal, donde adem\u00e1s colocaron mantas y cartulinas con mensajes amenazantes a la autoridad del penal.<\/p>\n<p>Por lo que Garc\u00eda \u00c1lvarez asegur\u00f3 que los diversos hechos ocurridos en las \u00faltimas semanas est\u00e1n relacionados al narcomenudeo.<\/p>\n<p>DROGA LIBRE EN PENAL<\/p>\n<p>En el caso del penal de Tanivet, el secretario detall\u00f3 que en la anterior administraci\u00f3n se ingresada coca\u00edna, marihuana y hasta cristal por el C\u00e1rtel Jalisco.<\/p>\n<p>Acciones que el gobierno estatal est\u00e1 atacando y por lo cual renunci\u00f3 Daniel Eleazar Ram\u00edrez Cruz como director el pasado 30 de marzo de 2023, pues no estaba de acuerdo en los nuevos planteamientos de la actual administraci\u00f3n.<\/p>\n<p>El ex director, agreg\u00f3, ten\u00eda compromisos con una personas privada de su libertad identificada como Patricia Magdalena Ram\u00edrez Morales, quien controlaba el penal y hac\u00eda negocios.<span class=\"Apple-converted-space\">&nbsp;<\/span><\/p>\n<p>Entre otro de los golpes contra el crimen organizado, dijo, fue el aseguramiento de una personas apodada como \u201cEl Carnero\u201d , integrante del C\u00e1rtel de Sinaloa, en un domicilio ubicado en la carretera 175 que conduce a Tlalixtac de Cabrera, conurbado a la capital, y al siguiente d\u00eda la detenci\u00f3n de tres personas con sustancias il\u00edcitas y armas de fuego, del mismo c\u00e1rtel.<\/p>\n","protected":false},"excerpt":{"rendered":"<p>Yuridiana Sosa\/Zona Roja. Oaxaca de Ju\u00e1rez, Oax., a 10 de abril de 2023.- Los recientes&hellip;<\/p>\n","protected":false},"author":2,"featured_media":53850,"comment_status":"closed","ping_status":"open","sticky":false,"template":"","format":"standard","meta":{"_lmt_disableupdate":"","_lmt_disable":"","_jetpack_memberships_contains_paid_content":false,"footnotes":""},"categories":[109,51],"tags":[1644],"class_list":["post-53849","post","type-post","status-publish","format-standard","has-post-thumbnail","hentry","category-minuto-a-minuto","category-zona-roja","tag-reclusorio-tanivet-tlacolula"],"jetpack_featured_media_url":"https:\/\/zonaroja.com.mx\/wp-content\/uploads\/2023\/04\/Cabeza-humana-Tanivet-Xoxocotlan.jpg","jetpack_sharing_enabled":true,"_links":{"self":[{"href":"https:\/\/zonaroja.com.mx\/index.php?rest_route=\/wp\/v2\/posts\/53849","targetHints":{"allow":["GET"]}}],"collection":[{"href":"https:\/\/zonaroja.com.mx\/index.php?rest_route=\/wp\/v2\/posts"}],"about":[{"href":"https:\/\/zonaroja.com.mx\/index.php?rest_route=\/wp\/v2\/types\/post"}],"author":[{"embeddable":true,"href":"https:\/\/zonaroja.com.mx\/index.php?rest_route=\/wp\/v2\/users\/2"}],"replies":[{"embeddable":true,"href":"https:\/\/zonaroja.com.mx\/index.php?rest_route=%2Fwp%2Fv2%2Fcomments&post=53849"}],"version-history":[{"count":2,"href":"https:\/\/zonaroja.com.mx\/index.php?rest_route=\/wp\/v2\/posts\/53849\/revisions"}],"predecessor-version":[{"id":53852,"href":"https:\/\/zonaroja.com.mx\/index.php?rest_route=\/wp\/v2\/posts\/53849\/revisions\/53852"}],"wp:featuredmedia":[{"embeddable":true,"href":"https:\/\/zonaroja.com.mx\/index.php?rest_route=\/wp\/v2\/media\/53850"}],"wp:attachment":[{"href":"https:\/\/zonaroja.com.mx\/index.php?rest_route=%2Fwp%2Fv2%2Fmedia&parent=53849"}],"wp:term":[{"taxonomy":"category","embeddable":true,"href":"https:\/\/zonaroja.com.mx\/index.php?rest_route=%2Fwp%2Fv2%2Fcategories&post=53849"},{"taxonomy":"post_tag","embeddable":true,"href":"https:\/\/zonaroja.com.mx\/index.php?rest_route=%2Fwp%2Fv2%2Ftags&post=53849"}],"curies":[{"name":"wp","href":"https:\/\/api.w.org\/{rel}","templated":true}]}}