{"id":53858,"date":"2023-04-10T22:44:34","date_gmt":"2023-04-11T03:44:34","guid":{"rendered":"http:\/\/www.zonaroja.com.mx\/?p=53858"},"modified":"2023-04-10T22:45:11","modified_gmt":"2023-04-11T03:45:11","slug":"53858","status":"publish","type":"post","link":"https:\/\/zonaroja.com.mx\/?p=53858","title":{"rendered":"Secretar\u00eda de las Culturas, desinteresada en el conflicto en el MACO"},"content":{"rendered":"<p>Redacci\u00f3n\/Zona Roja.<\/p>\n<p>Oaxaca de Ju\u00e1rez, Oax., a 9 de abril de 2023.- Aunque ha habido mayor apertura para escuchar a los quejosos, hasta ahora la Secretar\u00eda de las Culturas del gobierno de Oaxaca ha mostrado poco inter\u00e9s para atender el conflicto de ex trabajadores del Museo de Arte Contempor\u00e1neo de Oaxaca.<\/p>\n<p>As\u00ed lo aseguraron hoy ex empleados que, a dos a\u00f1os de haber sido despedidos, a\u00fan no han sido indemnizados por la asociaci\u00f3n civil \u201cAmigos del MACO\u201d, que encabeza el pintor Rub\u00e9n Leyva.<\/p>\n<p>En conferencia de prensa en el exterior de ese recinto, ubicado en la calle de Macedonio Alcal\u00e1, Centro Hist\u00f3rico de la capital, calificaron al empresario Jos\u00e9 Luis Bustamante del Valle y a Mayella Audelo Holm, integrantes de dicha asociaci\u00f3n, como \u201cincompetentes y soberbios\u201d.<\/p>\n<p>Sobre la intervenci\u00f3n del Gobierno del Estado, en el sexenio de Alejandro Murat siempre actu\u00f3 a favor de la parte patronal, mientras que con Salom\u00f3n Jara si bien hay apertura, poco ha hecho para destrabar la problem\u00e1tica y que se indemnice de manera justa a los 11 despedidos.<\/p>\n<p>\u201cLa demanda laboral contin\u00faa en la Junta de Arbitraje; en cuanto al nuevo gobierno, s\u00ed ha habido un poco m\u00e1s de acercamiento, a diferencia del gobierno anterior que nunca quisieron escucharnos\u201d, reiteraron.<\/p>\n<p>\u201cHa habido intenciones de acercamiento, pero no podemos confiar, hasta no ver no creer; nos gustar\u00eda que el gobierno tomara cartas en el asunto, que el Estado volteara a ver el caso del Museo\u201d, se\u00f1alaron.<\/p>\n<p>\u201cNuestra b\u00fasqueda de justicia y soluci\u00f3n a todas estas demandas continuar\u00e1, haremos los esfuerzos necesarios por hacer visible toda esta situaci\u00f3n, seguiremos denunciando los intentos de privatizar el MACO por parte de la asociaci\u00f3n civil\u201d, expusieron.<\/p>\n<div class=\"twitter-tweet\">\n<blockquote class=\"twitter-tweet\" data-lang=\"es\">\n<p lang=\"es\" dir=\"ltr\"><a href=\"https:\/\/twitter.com\/hashtag\/ENVIVO?src=hash&amp;ref_src=twsrc%5Etfw\">#ENVIVO<\/a><br \/>Oaxaca de Ju\u00e1rez, Oax., a 10 de abril de 2023.- Extrabajadores del Museo de Arte Contempor\u00e1neo de Oaxaca (<a href=\"https:\/\/twitter.com\/MACOaxaca?ref_src=twsrc%5Etfw\">@MACOaxaca<\/a>) denuncian que, a dos a\u00f1os del despido de 11 empleados, a\u00fan no hay justicia laboral.<br \/>\ud83d\udc47<a href=\"https:\/\/t.co\/JCpmG7v48q\">https:\/\/t.co\/JCpmG7v48q<\/a> <a href=\"https:\/\/t.co\/wgLadELIIW\">pic.twitter.com\/wgLadELIIW<\/a><\/p>\n<p>&mdash; Zona Roja Oaxaca (@ZonaRoja_Oaxaca) <a href=\"https:\/\/twitter.com\/ZonaRoja_Oaxaca\/status\/1645466737994006528?ref_src=twsrc%5Etfw\">10 de abril de 2023<\/a><\/p><\/blockquote>\n<\/div>\n","protected":false},"excerpt":{"rendered":"<p>Redacci\u00f3n\/Zona Roja. Oaxaca de Ju\u00e1rez, Oax., a 9 de abril de 2023.- Aunque ha habido&hellip;<\/p>\n","protected":false},"author":2,"featured_media":53859,"comment_status":"closed","ping_status":"open","sticky":false,"template":"","format":"standard","meta":{"_lmt_disableupdate":"","_lmt_disable":"","_jetpack_memberships_contains_paid_content":false,"footnotes":""},"categories":[109,49],"tags":[2298],"class_list":["post-53858","post","type-post","status-publish","format-standard","has-post-thumbnail","hentry","category-minuto-a-minuto","category-zona-fresa","tag-museo-de-arte-contemporaneo-de-oaxaca-maco"],"jetpack_featured_media_url":"https:\/\/zonaroja.com.mx\/wp-content\/uploads\/2023\/04\/Protesta-MACO-Museo-de-Arte-Oaxaca.jpg","jetpack_sharing_enabled":true,"_links":{"self":[{"href":"https:\/\/zonaroja.com.mx\/index.php?rest_route=\/wp\/v2\/posts\/53858","targetHints":{"allow":["GET"]}}],"collection":[{"href":"https:\/\/zonaroja.com.mx\/index.php?rest_route=\/wp\/v2\/posts"}],"about":[{"href":"https:\/\/zonaroja.com.mx\/index.php?rest_route=\/wp\/v2\/types\/post"}],"author":[{"embeddable":true,"href":"https:\/\/zonaroja.com.mx\/index.php?rest_route=\/wp\/v2\/users\/2"}],"replies":[{"embeddable":true,"href":"https:\/\/zonaroja.com.mx\/index.php?rest_route=%2Fwp%2Fv2%2Fcomments&post=53858"}],"version-history":[{"count":2,"href":"https:\/\/zonaroja.com.mx\/index.php?rest_route=\/wp\/v2\/posts\/53858\/revisions"}],"predecessor-version":[{"id":53861,"href":"https:\/\/zonaroja.com.mx\/index.php?rest_route=\/wp\/v2\/posts\/53858\/revisions\/53861"}],"wp:featuredmedia":[{"embeddable":true,"href":"https:\/\/zonaroja.com.mx\/index.php?rest_route=\/wp\/v2\/media\/53859"}],"wp:attachment":[{"href":"https:\/\/zonaroja.com.mx\/index.php?rest_route=%2Fwp%2Fv2%2Fmedia&parent=53858"}],"wp:term":[{"taxonomy":"category","embeddable":true,"href":"https:\/\/zonaroja.com.mx\/index.php?rest_route=%2Fwp%2Fv2%2Fcategories&post=53858"},{"taxonomy":"post_tag","embeddable":true,"href":"https:\/\/zonaroja.com.mx\/index.php?rest_route=%2Fwp%2Fv2%2Ftags&post=53858"}],"curies":[{"name":"wp","href":"https:\/\/api.w.org\/{rel}","templated":true}]}}