{"id":53865,"date":"2023-04-11T07:47:50","date_gmt":"2023-04-11T12:47:50","guid":{"rendered":"http:\/\/www.zonaroja.com.mx\/?p=53865"},"modified":"2023-04-11T08:28:19","modified_gmt":"2023-04-11T13:28:19","slug":"53865","status":"publish","type":"post","link":"https:\/\/zonaroja.com.mx\/?p=53865","title":{"rendered":"A prisi\u00f3n, cuatro militares que asesinaron a j\u00f3venes en Tamaulipas"},"content":{"rendered":"<p>Redacci\u00f3n\/Zona Roja&nbsp;<\/p>\n<p>Ciudad de M\u00e9xico, a 11 de abril de 2023.- Un juez de control federal impuso prisi\u00f3n preventiva oficiosa a cuatro elementos del Ej\u00e9rcito Mexicano implicados en la muerte de un grupo de j\u00f3venes en Nuevo Laredo, Tamaulipas, en febrero pasado.<\/p>\n<p>El juez determin\u00f3 que la medida cautelar deber\u00e1 ser cumplida en el Campo Militar n\u00famero uno, ubicado en la Ciudad de M\u00e9xico, hasta en tanto se defina la situaci\u00f3n jur\u00eddica de los soldados.<\/p>\n<p>Los militares solicitaron la duplicidad del t\u00e9rmino constitucional por lo que ser\u00e1 hasta el mi\u00e9rcoles 12 de abril, a las 16:00 horas, cuando se determine si son o no vinculados a proceso penal por este caso.<\/p>\n<p>Los militares est\u00e1n vinculados a la causa penal 46\/2023 iniciada por los delitos de homicidio calificado contra cuatro personas y homicidio calificado en grado de tentativa contra una persona m\u00e1s, ello luego de que el domingo 26 de febrero pasado, los militares abatieron a cuatro j\u00f3venes y causaron lesiones a otro, a quienes confundieron con elementos de la delincuencia organizada.<\/p>\n<p>Por este caso, la Secretar\u00eda de la Defensa Nacional ofreci\u00f3 un \u201cdi\u00e1logo abierto\u201d a familiares de las personas muertas.<\/p>\n<p>Dijo, adem\u00e1s, que ya colabora en las investigaciones que se abrieron por este caso tanto en la Fiscal\u00eda General de la Rep\u00fablica (FGR), como en la Fiscal\u00eda de Justicia Militar, y la Comisi\u00f3n Nacional de Derechos Humanos (CNDH).<\/p>\n<p>Asegur\u00f3 que los hechos ocurrieron durante trabajos de reconocimientos en el \u00e1rea urbana del citado municipio, cuando los soldados oyeron disparos.<span class=\"Apple-converted-space\">&nbsp;<\/span><\/p>\n<p>Al acercarse a la zona, vieron un veh\u00edculo tipo Pick Up con siete individuos a bordo, que circulaba a exceso de velocidad, con las luces apagadas y sin placas<\/p>\n<p>\u201cAl observar la presencia de las tropas, aceleraron velocidad\u201d y agreg\u00f3 que los militares \u201cescucharon un estruendo\u201d, motivo por el que accionaron sus armas dejando a una persona ilesa, una herida y cinco fallecidos.<\/p>\n<p>(Informaci\u00f3n de \u201cEl Financiero\u201d)<\/p>\n","protected":false},"excerpt":{"rendered":"<p>Redacci\u00f3n\/Zona Roja&nbsp; Ciudad de M\u00e9xico, a 11 de abril de 2023.- Un juez de control&hellip;<\/p>\n","protected":false},"author":2,"featured_media":52193,"comment_status":"closed","ping_status":"open","sticky":false,"template":"","format":"standard","meta":{"_lmt_disableupdate":"","_lmt_disable":"","_jetpack_memberships_contains_paid_content":false,"footnotes":""},"categories":[109,47],"tags":[2771],"class_list":["post-53865","post","type-post","status-publish","format-standard","has-post-thumbnail","hentry","category-minuto-a-minuto","category-zona-gris","tag-masacre-tamaulipas"],"jetpack_featured_media_url":"https:\/\/zonaroja.com.mx\/wp-content\/uploads\/2023\/02\/Asesinato-jovenes-Tamaulipas.jpeg","jetpack_sharing_enabled":true,"_links":{"self":[{"href":"https:\/\/zonaroja.com.mx\/index.php?rest_route=\/wp\/v2\/posts\/53865","targetHints":{"allow":["GET"]}}],"collection":[{"href":"https:\/\/zonaroja.com.mx\/index.php?rest_route=\/wp\/v2\/posts"}],"about":[{"href":"https:\/\/zonaroja.com.mx\/index.php?rest_route=\/wp\/v2\/types\/post"}],"author":[{"embeddable":true,"href":"https:\/\/zonaroja.com.mx\/index.php?rest_route=\/wp\/v2\/users\/2"}],"replies":[{"embeddable":true,"href":"https:\/\/zonaroja.com.mx\/index.php?rest_route=%2Fwp%2Fv2%2Fcomments&post=53865"}],"version-history":[{"count":2,"href":"https:\/\/zonaroja.com.mx\/index.php?rest_route=\/wp\/v2\/posts\/53865\/revisions"}],"predecessor-version":[{"id":53871,"href":"https:\/\/zonaroja.com.mx\/index.php?rest_route=\/wp\/v2\/posts\/53865\/revisions\/53871"}],"wp:featuredmedia":[{"embeddable":true,"href":"https:\/\/zonaroja.com.mx\/index.php?rest_route=\/wp\/v2\/media\/52193"}],"wp:attachment":[{"href":"https:\/\/zonaroja.com.mx\/index.php?rest_route=%2Fwp%2Fv2%2Fmedia&parent=53865"}],"wp:term":[{"taxonomy":"category","embeddable":true,"href":"https:\/\/zonaroja.com.mx\/index.php?rest_route=%2Fwp%2Fv2%2Fcategories&post=53865"},{"taxonomy":"post_tag","embeddable":true,"href":"https:\/\/zonaroja.com.mx\/index.php?rest_route=%2Fwp%2Fv2%2Ftags&post=53865"}],"curies":[{"name":"wp","href":"https:\/\/api.w.org\/{rel}","templated":true}]}}