{"id":53874,"date":"2023-04-11T08:30:22","date_gmt":"2023-04-11T13:30:22","guid":{"rendered":"http:\/\/www.zonaroja.com.mx\/?p=53874"},"modified":"2023-04-11T09:19:07","modified_gmt":"2023-04-11T14:19:07","slug":"53874","status":"publish","type":"post","link":"https:\/\/zonaroja.com.mx\/?p=53874","title":{"rendered":"Exige Sindicato \u201c3 de Marzo\u201d castigo a polic\u00edas que mataron a trabajador"},"content":{"rendered":"<p>Ismael Garc\u00eda M.\/Zona Roja.<\/p>\n<p>Oaxaca de Ju\u00e1rez, Oax., a 11de abril de 2023.- El Sindicato de Trabajadores \u201c3 de Marzo\u201d exigi\u00f3 al gobierno de Salom\u00f3n Jara Cruz justicia y castigo a los polic\u00edas estatales responsables de asesinar a un trabajador, la noche del domingo pasado.<\/p>\n<p>Se trata de Roberto Santiago Chimil, quien fue arrollado y muerto en las riberas del r\u00edo \u201cAtoyac\u201d de la capital, presuntamente porque hu\u00eda de la Polic\u00eda Estatal, cuyos elementos en la persecuci\u00f3n tambi\u00e9n da\u00f1aron una patrulla, con n\u00famero 2307.<\/p>\n<p>\u201cHacemos un llamado en\u00e9rgico al Gobierno del Estado, en especial al ingeniero Salom\u00f3n Jara Cruz, que se ha caracterizado por pregonar que en su gobierno habr\u00e1 cero corrupci\u00f3n y cero impunidad; queremos que lo demuestre, esclareciendo este lamentable hecho sin proteger a nadie, sin favoritismos\u201d, expresaron en un comunicado.<\/p>\n<p>Indicaron que Roberto Santiago Chimil ten\u00eda poco tiempo de ocupar una plaza de suplente dentro del sindicato; sin embargo, \u201csiempre se caracteriz\u00f3 por ser una persona seria, responsable, disciplinada, que incluso fue reconocido dentro de nuestro gremio por su alto esp\u00edritu de servicio y honestidad\u201d.<\/p>\n<p>\u201cEs por ello, que como sindicato exigimos el esclarecimiento de los hechos, porque en las fotograf\u00edas que circulan en redes sociales, es claro que fue un impacto directo en contra de nuestro compa\u00f1ero, consideramos que \u00e9l no ven\u00eda huyendo de nadie\u201d.<\/p>\n<p>Por ello, pidieron a la Fiscal\u00eda General del Estado que realice una minuciosa investigaci\u00f3n al respecto, recabando toda la informaci\u00f3n posible de las llamadas de auxilio o alerta que se emitieron minutos antes de la hora del percance, recabe informaci\u00f3n de las c\u00e1maras de video vigilancias cercanas del C4 y particulares.<\/p>\n<p>\u00abY si se determina que existi\u00f3 imprudencia o exceso en el actuar de los polic\u00edas estatales que tripulaban la patrulla n\u00famero 2307, se les inicie su proceso y hagan el pago de la reparaci\u00f3n del da\u00f1o correspondiente\u201d.<\/p>\n<p>Al presidente municipal de Oaxaca de Ju\u00e1rez, Francisco Mart\u00ednez Neri, demandado que apoye el esclarecimiento del caso, al ser la parte patronal y haber sucedido en la jurisdicci\u00f3n municipal.<\/p>\n<p><a href=\"http:\/\/www.zonaroja.com.mx\/wp-content\/uploads\/2023\/04\/Pronunciamiento-Sindicato-3-de-Marzo-trabajador.jpg\" data-rel=\"penci-gallery-image-content\" ><img decoding=\"async\" src=\"http:\/\/www.zonaroja.com.mx\/wp-content\/uploads\/2023\/04\/Pronunciamiento-Sindicato-3-de-Marzo-trabajador-218x300.jpg\" class=\"alignnone size-medium wp-image-53875\" width=\"218\" height=\"300\" alt=\"\" srcset=\"https:\/\/zonaroja.com.mx\/wp-content\/uploads\/2023\/04\/Pronunciamiento-Sindicato-3-de-Marzo-trabajador-218x300.jpg 218w, https:\/\/zonaroja.com.mx\/wp-content\/uploads\/2023\/04\/Pronunciamiento-Sindicato-3-de-Marzo-trabajador-585x803.jpg 585w, https:\/\/zonaroja.com.mx\/wp-content\/uploads\/2023\/04\/Pronunciamiento-Sindicato-3-de-Marzo-trabajador.jpg 745w\" sizes=\"(max-width: 218px) 100vw, 218px\" \/><\/a><\/p>\n","protected":false},"excerpt":{"rendered":"<p>Ismael Garc\u00eda M.\/Zona Roja. Oaxaca de Ju\u00e1rez, Oax., a 11de abril de 2023.- El Sindicato&hellip;<\/p>\n","protected":false},"author":2,"featured_media":53876,"comment_status":"closed","ping_status":"open","sticky":false,"template":"","format":"standard","meta":{"_lmt_disableupdate":"","_lmt_disable":"","_jetpack_memberships_contains_paid_content":false,"footnotes":""},"categories":[109,47],"tags":[148],"class_list":["post-53874","post","type-post","status-publish","format-standard","has-post-thumbnail","hentry","category-minuto-a-minuto","category-zona-gris","tag-oaxaca-de-juarez"],"jetpack_featured_media_url":"https:\/\/zonaroja.com.mx\/wp-content\/uploads\/2023\/04\/Trabajador-ayuntamiento-arrollado-policias.jpg","jetpack_sharing_enabled":true,"_links":{"self":[{"href":"https:\/\/zonaroja.com.mx\/index.php?rest_route=\/wp\/v2\/posts\/53874","targetHints":{"allow":["GET"]}}],"collection":[{"href":"https:\/\/zonaroja.com.mx\/index.php?rest_route=\/wp\/v2\/posts"}],"about":[{"href":"https:\/\/zonaroja.com.mx\/index.php?rest_route=\/wp\/v2\/types\/post"}],"author":[{"embeddable":true,"href":"https:\/\/zonaroja.com.mx\/index.php?rest_route=\/wp\/v2\/users\/2"}],"replies":[{"embeddable":true,"href":"https:\/\/zonaroja.com.mx\/index.php?rest_route=%2Fwp%2Fv2%2Fcomments&post=53874"}],"version-history":[{"count":2,"href":"https:\/\/zonaroja.com.mx\/index.php?rest_route=\/wp\/v2\/posts\/53874\/revisions"}],"predecessor-version":[{"id":53881,"href":"https:\/\/zonaroja.com.mx\/index.php?rest_route=\/wp\/v2\/posts\/53874\/revisions\/53881"}],"wp:featuredmedia":[{"embeddable":true,"href":"https:\/\/zonaroja.com.mx\/index.php?rest_route=\/wp\/v2\/media\/53876"}],"wp:attachment":[{"href":"https:\/\/zonaroja.com.mx\/index.php?rest_route=%2Fwp%2Fv2%2Fmedia&parent=53874"}],"wp:term":[{"taxonomy":"category","embeddable":true,"href":"https:\/\/zonaroja.com.mx\/index.php?rest_route=%2Fwp%2Fv2%2Fcategories&post=53874"},{"taxonomy":"post_tag","embeddable":true,"href":"https:\/\/zonaroja.com.mx\/index.php?rest_route=%2Fwp%2Fv2%2Ftags&post=53874"}],"curies":[{"name":"wp","href":"https:\/\/api.w.org\/{rel}","templated":true}]}}