{"id":53878,"date":"2023-04-11T11:17:13","date_gmt":"2023-04-11T16:17:13","guid":{"rendered":"http:\/\/www.zonaroja.com.mx\/?p=53878"},"modified":"2023-04-11T17:32:26","modified_gmt":"2023-04-11T22:32:26","slug":"53878","status":"publish","type":"post","link":"https:\/\/zonaroja.com.mx\/?p=53878","title":{"rendered":"Suma esfuerzos\u00a0Poder Judicial del Estado\u00a0 para agilizar tr\u00e1mites de adopci\u00f3n"},"content":{"rendered":"<p>Redacci\u00f3n\/Zona Roja.<\/p>\n<p>Oaxaca de Ju\u00e1rez, Oax., a 11 de abril de 2023.- Privilegiar el principio de Inter\u00e9s Superior de la Ni\u00f1ez y, desde su \u00e1mbito de competencia, optimizar a\u00fan m\u00e1s el proceso de adopci\u00f3n para garantizar el bienestar de las ni\u00f1as y ni\u00f1os oaxaque\u00f1os, es prioridad en la labor del Poder Judicial del Estado, afirmaron&nbsp;lasmagistradas&nbsp;Genoveva Dulce Javier Agust\u00edn, de la Segunda Sala Civil y Elizabeth Roxana L\u00f3pez Luna, de la Sexta Sala Penal Colegiada del Tribunal Superior de Justicia.<\/p>\n<p>Al hablar sobre el papel&nbsp;que desempe\u00f1an, como integrantes&nbsp;del&nbsp;Consejo&nbsp;T\u00e9cnico&nbsp;de Adopciones del Sistema Estatal para el Desarrollo Integral de la Familia (DIF), explicaron&nbsp;que uno de sus principales objetivos es lograr la integraci\u00f3n de ni\u00f1as, ni\u00f1os y adolescentes sujetos de asistencia social.<\/p>\n<p>Se\u00f1alaron&nbsp;que,&nbsp;como representantes del \u00f3rgano de impartici\u00f3n de justicia, participan en sesiones mensuales para estudiar y analizar los casos, as\u00ed como verificar que las solicitudes, tanto de&nbsp;personas&nbsp;nacionales como extranjeros, se encuentren debidamente requisitadas en los t\u00e9rminos de la ley y su reglamento.<\/p>\n<p>En entrevista&nbsp;para&nbsp;el Podcast \u201cHablemos Justamente\u201d,&nbsp;las magistradas&nbsp;se\u00f1alaron que&nbsp;la figura de la adopci\u00f3n es un acto jur\u00eddico que tiene como efecto los mismos derechos y obligaciones que son propios del v\u00ednculo de parentesco que se genera con los hijos consangu\u00edneos;&nbsp;por lo cual,&nbsp;es de suma importancia realizar los procesos con total apego a la Ley.<\/p>\n<p>La magistrada&nbsp;Genoveva Dulce Javier Agust\u00edn, explic\u00f3 que este Consejo T\u00e9cnico se encuentra conformado por diversas instituciones gubernamentales y personas de la sociedad que cuentan con la preparaci\u00f3n,&nbsp;capacidad&nbsp;y sensibilidad&nbsp;para&nbsp;la integraci\u00f3n de los expedientes que se presentan ante el \u00f3rgano jurisdiccional que es la instancia que determina los casos procedentes.<\/p>\n<p>Por su parte, la magistrada&nbsp;Elizabeth Roxana L\u00f3pez Luna indic\u00f3 que la adopci\u00f3n ha cobrado relevancia, toda vez que en la sociedad hay una gran cantidad de ni\u00f1as y ni\u00f1os en situaci\u00f3n de abandono y que incluso han sido sujetos de violencia,&nbsp;de ah\u00ed la exigencia de&nbsp;contribuir a su derecho a vivir, crecer y desarrollarse en un entorno de confianza, seguridad y cari\u00f1o.<\/p>\n<p>El podcast \u201cHablemos Justamente\u201d, producido en colaboraci\u00f3n con la&nbsp;Corporaci\u00f3n Oaxaque\u00f1a de Radio y Televisi\u00f3n (Cortv), se encuentra disponible en las redes&nbsp;sociales del Poder Judicial delEstado&nbsp;y en las plataformas&nbsp;Spotify&nbsp;y&nbsp;Soundcloud.<\/p>\n","protected":false},"excerpt":{"rendered":"<p>Redacci\u00f3n\/Zona Roja. Oaxaca de Ju\u00e1rez, Oax., a 11 de abril de 2023.- Privilegiar el principio&hellip;<\/p>\n","protected":false},"author":2,"featured_media":53879,"comment_status":"closed","ping_status":"open","sticky":false,"template":"","format":"standard","meta":{"_lmt_disableupdate":"","_lmt_disable":"","_jetpack_memberships_contains_paid_content":false,"footnotes":""},"categories":[109,46],"tags":[223],"class_list":["post-53878","post","type-post","status-publish","format-standard","has-post-thumbnail","hentry","category-minuto-a-minuto","category-zona-blanca","tag-poder-judicial-de-oaxaca"],"jetpack_featured_media_url":"https:\/\/zonaroja.com.mx\/wp-content\/uploads\/2023\/04\/Adopcion-de-menores.jpeg","jetpack_sharing_enabled":true,"_links":{"self":[{"href":"https:\/\/zonaroja.com.mx\/index.php?rest_route=\/wp\/v2\/posts\/53878","targetHints":{"allow":["GET"]}}],"collection":[{"href":"https:\/\/zonaroja.com.mx\/index.php?rest_route=\/wp\/v2\/posts"}],"about":[{"href":"https:\/\/zonaroja.com.mx\/index.php?rest_route=\/wp\/v2\/types\/post"}],"author":[{"embeddable":true,"href":"https:\/\/zonaroja.com.mx\/index.php?rest_route=\/wp\/v2\/users\/2"}],"replies":[{"embeddable":true,"href":"https:\/\/zonaroja.com.mx\/index.php?rest_route=%2Fwp%2Fv2%2Fcomments&post=53878"}],"version-history":[{"count":2,"href":"https:\/\/zonaroja.com.mx\/index.php?rest_route=\/wp\/v2\/posts\/53878\/revisions"}],"predecessor-version":[{"id":53891,"href":"https:\/\/zonaroja.com.mx\/index.php?rest_route=\/wp\/v2\/posts\/53878\/revisions\/53891"}],"wp:featuredmedia":[{"embeddable":true,"href":"https:\/\/zonaroja.com.mx\/index.php?rest_route=\/wp\/v2\/media\/53879"}],"wp:attachment":[{"href":"https:\/\/zonaroja.com.mx\/index.php?rest_route=%2Fwp%2Fv2%2Fmedia&parent=53878"}],"wp:term":[{"taxonomy":"category","embeddable":true,"href":"https:\/\/zonaroja.com.mx\/index.php?rest_route=%2Fwp%2Fv2%2Fcategories&post=53878"},{"taxonomy":"post_tag","embeddable":true,"href":"https:\/\/zonaroja.com.mx\/index.php?rest_route=%2Fwp%2Fv2%2Ftags&post=53878"}],"curies":[{"name":"wp","href":"https:\/\/api.w.org\/{rel}","templated":true}]}}