{"id":53882,"date":"2023-04-11T12:23:08","date_gmt":"2023-04-11T17:23:08","guid":{"rendered":"http:\/\/www.zonaroja.com.mx\/?p=53882"},"modified":"2023-04-11T16:48:35","modified_gmt":"2023-04-11T21:48:35","slug":"53882","status":"publish","type":"post","link":"https:\/\/zonaroja.com.mx\/?p=53882","title":{"rendered":"Presidente de Estados Unidos decreta fin de la pandemia de Covid-19"},"content":{"rendered":"<p>Redacci\u00f3n\/Zona Roja Cdmx.<\/p>\n<p>Ciudad de M\u00e9xico, a 11 de abril de 2023.- La emergencia nacional en Estados Unidos para responder a la pandemia del Covid-19 concluy\u00f3 ayer despu\u00e9s de que el presidente Joe Biden firm\u00f3 una resoluci\u00f3n legislativa bipartidista para ponerle fin luego de tres a\u00f1os, a unas semanas de que expirara junto con una emergencia de salud p\u00fablica implementada por separado.<\/p>\n<p>Por la emergencia el gobierno tomaba medidas radicales para hacer frente al coronavirus y brindar respaldo a los sistemas econ\u00f3micos, de salud y bienestar del pa\u00eds. Algunas ya se desmantelaron con \u00e9xito, mientras que otras se eliminan gradualmente. La emergencia de salud p\u00fablica \u2013que sustenta estrictas restricciones migratorias en la frontera con M\u00e9xico \u2013 est\u00e1 programada a finalizar el 11 de mayo.<\/p>\n<p>La Casa Blanca emiti\u00f3 un comunicado de una sola l\u00ednea ayer en el que se\u00f1al\u00f3 que Biden firm\u00f3 la medida a puertas cerradas, despu\u00e9s de que se opuso p\u00fablicamente a la resoluci\u00f3n, aunque no al grado de interponer un veto. M\u00e1s de 197 representantes dem\u00f3cratas votaron en contra cuando la c\u00e1mara baja, controlada por los republicanos, la aprob\u00f3 en febrero. Luego de que la medida fue aprobada en el Senado el mes pasado con una votaci\u00f3n de 68-23, el presidente Joe Biden les hizo saber a los legisladores que firmar\u00eda la iniciativa a la brevedad.<\/p>\n<p>(Informaci\u00f3n de \u201cLa Jornada\u201d)<\/p>\n","protected":false},"excerpt":{"rendered":"<p>Redacci\u00f3n\/Zona Roja Cdmx. Ciudad de M\u00e9xico, a 11 de abril de 2023.- La emergencia nacional&hellip;<\/p>\n","protected":false},"author":2,"featured_media":53883,"comment_status":"closed","ping_status":"open","sticky":false,"template":"","format":"standard","meta":{"_lmt_disableupdate":"","_lmt_disable":"","_jetpack_memberships_contains_paid_content":false,"footnotes":""},"categories":[109,46],"tags":[1510],"class_list":["post-53882","post","type-post","status-publish","format-standard","has-post-thumbnail","hentry","category-minuto-a-minuto","category-zona-blanca","tag-coronavirus-pandemia-global"],"jetpack_featured_media_url":"https:\/\/zonaroja.com.mx\/wp-content\/uploads\/2023\/04\/Fin-de-la-pandemia-de-Covid-19.jpeg","jetpack_sharing_enabled":true,"_links":{"self":[{"href":"https:\/\/zonaroja.com.mx\/index.php?rest_route=\/wp\/v2\/posts\/53882","targetHints":{"allow":["GET"]}}],"collection":[{"href":"https:\/\/zonaroja.com.mx\/index.php?rest_route=\/wp\/v2\/posts"}],"about":[{"href":"https:\/\/zonaroja.com.mx\/index.php?rest_route=\/wp\/v2\/types\/post"}],"author":[{"embeddable":true,"href":"https:\/\/zonaroja.com.mx\/index.php?rest_route=\/wp\/v2\/users\/2"}],"replies":[{"embeddable":true,"href":"https:\/\/zonaroja.com.mx\/index.php?rest_route=%2Fwp%2Fv2%2Fcomments&post=53882"}],"version-history":[{"count":2,"href":"https:\/\/zonaroja.com.mx\/index.php?rest_route=\/wp\/v2\/posts\/53882\/revisions"}],"predecessor-version":[{"id":53890,"href":"https:\/\/zonaroja.com.mx\/index.php?rest_route=\/wp\/v2\/posts\/53882\/revisions\/53890"}],"wp:featuredmedia":[{"embeddable":true,"href":"https:\/\/zonaroja.com.mx\/index.php?rest_route=\/wp\/v2\/media\/53883"}],"wp:attachment":[{"href":"https:\/\/zonaroja.com.mx\/index.php?rest_route=%2Fwp%2Fv2%2Fmedia&parent=53882"}],"wp:term":[{"taxonomy":"category","embeddable":true,"href":"https:\/\/zonaroja.com.mx\/index.php?rest_route=%2Fwp%2Fv2%2Fcategories&post=53882"},{"taxonomy":"post_tag","embeddable":true,"href":"https:\/\/zonaroja.com.mx\/index.php?rest_route=%2Fwp%2Fv2%2Ftags&post=53882"}],"curies":[{"name":"wp","href":"https:\/\/api.w.org\/{rel}","templated":true}]}}