{"id":53885,"date":"2023-04-11T10:23:39","date_gmt":"2023-04-11T15:23:39","guid":{"rendered":"http:\/\/www.zonaroja.com.mx\/?p=53885"},"modified":"2023-04-11T10:38:10","modified_gmt":"2023-04-11T15:38:10","slug":"53885","status":"publish","type":"post","link":"https:\/\/zonaroja.com.mx\/?p=53885","title":{"rendered":"El secretario de Seguridad de Oaxaca y sus acusaciones en funci\u00f3n de fiscal"},"content":{"rendered":"<p>Ismael Garc\u00eda M.\/Zona Roja.<\/p>\n<p>Oaxaca de Ju\u00e1rez, Oax., a 11 de abril de 2023.- En lugar de prevenir la violencia y desalentar a la delincuencia, el secretario de Seguridad de Oaxaca, Iv\u00e1n Garc\u00eda \u00c1lvarez, se volvi\u00f3 perito, fiscal y ministerio p\u00fablico.<\/p>\n<p>Y es que ayer, tras la cabeza humana tirada en la carretera federal 190, afuera del reclusorio estatal de San Francisco Tanivet, Tlacolula, se apresur\u00f3 a dar su versi\u00f3n, apenas minutos despu\u00e9s del hecho:<\/p>\n<p>\u201cMencionan que es un olor muy f\u00e9tido, es un cuerpo que lo sacaron de otro lugar, lo trajeron, lo metieron y vinieron y lo tiraron ah\u00ed; la realidad es que no es del estado de Oaxaca; eso lo trajeron de alg\u00fan otro estado y lo est\u00e1n sembrando ah\u00ed\u201d, sin sustentar sus declaraciones.<\/p>\n<p>Sobre el tema de la presencia de los c\u00e1rteles Jalisco Nueva Generaci\u00f3n y Sinaloa, asegur\u00f3 que est\u00e1n asentados en Santa Cruz Xoxocotl\u00e1n e incluso algunos polic\u00edas municipales est\u00e1n involucrados con el crimen organizado.<\/p>\n<p>Mientras que en el caso de la venta y consumo de drogas en el reclusorio femenil de Tanivet, culp\u00f3 al ex director Daniel Eleazar Ram\u00edrez Cruz, de tolerar e incluso permitir el ingreso de estupefacientes, en contubernio con una reclusa \u2014identificada como Patricia Magdalena R. M.\u2014, de quien, luego de varios a\u00f1os presuntamente en ese negocio, se busca trasladarla a un centro federal.<\/p>\n<p>En un comunicado emitido ayer, el Gobierno del Estado inform\u00f3 que el pasado 30 de marzo, Daniel Eleazar Ram\u00edrez Cruz, quien fung\u00eda como director del Centro Penitenciario Femenil de San Francisco Tanivet present\u00f3 su renuncia voluntaria e irrevocable ante la Secretar\u00eda.<\/p>\n<div class=\"twitter-tweet\">\n<blockquote class=\"twitter-tweet\" data-lang=\"es\">\n<p lang=\"es\" dir=\"ltr\">\u00bfQu\u00e9 le parece? En funciones de perito y fiscal, el titular de la <a href=\"https:\/\/twitter.com\/SSPC_GobOax?ref_src=twsrc%5Etfw\">@SSPC_GobOax<\/a>, <a href=\"https:\/\/twitter.com\/IvanGarcia_A?ref_src=twsrc%5Etfw\">@IvanGarcia_A<\/a>, determin\u00f3 que la cabeza hallada ayer afuera del reclusorio de Tanivet, Tlacolula, \u201ces un cuerpo que lo sacaron de otro lugar, no es del estado de Oaxaca, lo trajeron de otro estado\u201d. <a href=\"https:\/\/t.co\/m0ullAYjOX\">pic.twitter.com\/m0ullAYjOX<\/a><\/p>\n<p>&mdash; Zona Roja Oaxaca (@ZonaRoja_Oaxaca) <a href=\"https:\/\/twitter.com\/ZonaRoja_Oaxaca\/status\/1645792641156780035?ref_src=twsrc%5Etfw\">11 de abril de 2023<\/a><\/p><\/blockquote>\n<\/div>\n<p>\u201cLo anterior ante la negativa de continuar con las acciones y proyectos planteados por la actual administraci\u00f3n estatal de atender y resolver de manera fundamental la recomendaci\u00f3n 55VG\/2022 emitida por la Comisi\u00f3n Nacional de los Derechos Humanos el 28 de abril de 2022, que consiste en 18 puntos recomendatorios, de los cuales sobresalen actos de cogobierno y autogobierno generados durante su gesti\u00f3n en este Centro Penitenciario, derivados de concesiones y compromisos que gener\u00f3 en contraprestaci\u00f3n de su permanencia como director.<\/p>\n<p>\u201cEn el Gobierno de la Transformaci\u00f3n le fue solicitado dar atenci\u00f3n a la recomendaci\u00f3n citada, concretamente en las observaciones de actos en los que la poblaci\u00f3n penitenciaria ejerce funciones que no le corresponden por ley, como son el de administrar las tiendas, los tel\u00e9fonos y dem\u00e1s servicios que se ofrecen en el Centro Penitenciario, los cuales le fueron otorgados a P.M.R.M, quien lidera a un grupo de aproximadamente 60 personas femeninas privadas de su libertad.<\/p>\n<p>\u201cEstas actividades econ\u00f3micas ilegales manejadas dentro del penal fueron concesionadas por el exdirector Daniel Eleazar Ram\u00edrez Cruz, mediante apoyos y pr\u00e9stamos a cierto n\u00famero de personas de la poblaci\u00f3n femenil que la apoyaba incondicionalmente.<\/p>\n<p>\u201cEn el a\u00f1o 2018, la anterior administraci\u00f3n estatal pretendi\u00f3 gestionar un cambio de adscripci\u00f3n donde se contemplaba la desincorporaci\u00f3n de Daniel Eleazar Ram\u00edrez Cruz del centro femenil, pero ante una manifestaci\u00f3n y mot\u00edn realizado por P.M.R.M y sus seguidoras para que no lo cambiaran, el anterior subsecretario de Prevenci\u00f3n y Reinserci\u00f3n Social decidi\u00f3 mantenerlo en el cargo\u201d.<\/p>\n","protected":false},"excerpt":{"rendered":"<p>Ismael Garc\u00eda M.\/Zona Roja. Oaxaca de Ju\u00e1rez, Oax., a 11 de abril de 2023.- En&hellip;<\/p>\n","protected":false},"author":2,"featured_media":53854,"comment_status":"closed","ping_status":"open","sticky":false,"template":"","format":"standard","meta":{"_lmt_disableupdate":"","_lmt_disable":"","_jetpack_memberships_contains_paid_content":false,"footnotes":""},"categories":[109,47],"tags":[3332],"class_list":["post-53885","post","type-post","status-publish","format-standard","has-post-thumbnail","hentry","category-minuto-a-minuto","category-zona-gris","tag-ivan-garcia-alvarez"],"jetpack_featured_media_url":"https:\/\/zonaroja.com.mx\/wp-content\/uploads\/2023\/04\/Cabeza-humana-reclusorio-Tanivet-Oaxaca.png","jetpack_sharing_enabled":true,"_links":{"self":[{"href":"https:\/\/zonaroja.com.mx\/index.php?rest_route=\/wp\/v2\/posts\/53885","targetHints":{"allow":["GET"]}}],"collection":[{"href":"https:\/\/zonaroja.com.mx\/index.php?rest_route=\/wp\/v2\/posts"}],"about":[{"href":"https:\/\/zonaroja.com.mx\/index.php?rest_route=\/wp\/v2\/types\/post"}],"author":[{"embeddable":true,"href":"https:\/\/zonaroja.com.mx\/index.php?rest_route=\/wp\/v2\/users\/2"}],"replies":[{"embeddable":true,"href":"https:\/\/zonaroja.com.mx\/index.php?rest_route=%2Fwp%2Fv2%2Fcomments&post=53885"}],"version-history":[{"count":2,"href":"https:\/\/zonaroja.com.mx\/index.php?rest_route=\/wp\/v2\/posts\/53885\/revisions"}],"predecessor-version":[{"id":53887,"href":"https:\/\/zonaroja.com.mx\/index.php?rest_route=\/wp\/v2\/posts\/53885\/revisions\/53887"}],"wp:featuredmedia":[{"embeddable":true,"href":"https:\/\/zonaroja.com.mx\/index.php?rest_route=\/wp\/v2\/media\/53854"}],"wp:attachment":[{"href":"https:\/\/zonaroja.com.mx\/index.php?rest_route=%2Fwp%2Fv2%2Fmedia&parent=53885"}],"wp:term":[{"taxonomy":"category","embeddable":true,"href":"https:\/\/zonaroja.com.mx\/index.php?rest_route=%2Fwp%2Fv2%2Fcategories&post=53885"},{"taxonomy":"post_tag","embeddable":true,"href":"https:\/\/zonaroja.com.mx\/index.php?rest_route=%2Fwp%2Fv2%2Ftags&post=53885"}],"curies":[{"name":"wp","href":"https:\/\/api.w.org\/{rel}","templated":true}]}}