{"id":53892,"date":"2023-04-11T17:42:19","date_gmt":"2023-04-11T22:42:19","guid":{"rendered":"http:\/\/www.zonaroja.com.mx\/?p=53892"},"modified":"2023-04-11T17:46:14","modified_gmt":"2023-04-11T22:46:14","slug":"53892","status":"publish","type":"post","link":"https:\/\/zonaroja.com.mx\/?p=53892","title":{"rendered":"Conforma PRI-PAN-PRD alianza contra condicionamientos pol\u00edticos de Salom\u00f3n Jara"},"content":{"rendered":"<p>Yuridiana Sosa\/Zona Roja.<\/p>\n<p>Oaxaca de Ju\u00e1rez, Oax., a 11 de abril de 2023.- Ante presuntos actos ilegales y la cerraz\u00f3n para atender a las autoridades municipales de oposici\u00f3n, el PRI y el PAN anunciaron una alianza con el PRD, para exigir al gobernador Salom\u00f3n Jara Cruz la instalaci\u00f3n de una mesa de atenci\u00f3n.<\/p>\n<p>En conferencia de prensa de este martes, los dirigentes del Partido Revolucionario Institucional, Javier Villaca\u00f1a Jim\u00e9nez y del Partido Acci\u00f3n Nacional, Perla Woolrich, tambi\u00e9n denunciaron chantaje pol\u00edtico y las gestor\u00edas ilegales de No\u00e9 Jara Cruz.<\/p>\n<p>Las autoridades municipales de oposici\u00f3n no han sido recibidas para un di\u00e1logo con las autoridades estatales, eso pese a diversas solicitudes, lo que demuestra que \u201cla gesti\u00f3n es s\u00f3lo para sus incondicionales\u201d, se\u00f1al\u00f3 Villaca\u00f1a Jim\u00e9nez.<\/p>\n<p>A su vez, la gesti\u00f3n se ha convertido en el pretexto para jalar a autoridades municipales, y adherirse a sus fuerzas, como es el caso de lo que hace el Partido Verde, aliado de Morena, detall\u00f3.<\/p>\n<p>Uno de los esquemas de operaci\u00f3n que ocupan es que los funcionarios estatales llaman a las autoridades municipales y les dicen que les destraban sus peticiones pero que se vayan al Partido Verde; de los diversos actos cuentan con grabaciones, indic\u00f3 el dirigente del PRI.<\/p>\n<p>Javier Villaca\u00f1a record\u00f3 al secretario de Gobierno, Jes\u00fas Romero, y al gobernador que cuando eran parte de la oposici\u00f3n fueron recibidos por las autoridades en mesas de di\u00e1logo, por lo que asever\u00f3 que en un \u201cacto de justicia democr\u00e1tica instalen la mesa de atenci\u00f3n\u201d.<\/p>\n<div class=\"twitter-tweet\">\n<blockquote class=\"twitter-tweet\" data-lang=\"es\">\n<p lang=\"es\" dir=\"ltr\"><a href=\"https:\/\/twitter.com\/hashtag\/ENVIVO?src=hash&amp;ref_src=twsrc%5Etfw\">#ENVIVO<\/a><br \/>Oaxaca de Ju\u00e1rez, Oax., a 11 de abril de 2023.- Conferencia conjunta de las dirigencias del PRI y del PAN, <a href=\"https:\/\/twitter.com\/JavierVillacana?ref_src=twsrc%5Etfw\">@JavierVillacana<\/a> y Perla Woolrich. Anuncian alianza con el PRD para exigir di\u00e1logo al gobierno de <a href=\"https:\/\/twitter.com\/salomonj?ref_src=twsrc%5Etfw\">@salomonj<\/a>; denuncian gestor\u00edas ilegales de No\u00e9 Jara Cruz.<br \/>\ud83d\udc47\u2026 <a href=\"https:\/\/t.co\/xDDhMDBQ9P\">pic.twitter.com\/xDDhMDBQ9P<\/a><\/p>\n<p>&mdash; Zona Roja Oaxaca (@ZonaRoja_Oaxaca) <a href=\"https:\/\/twitter.com\/ZonaRoja_Oaxaca\/status\/1645830230697816064?ref_src=twsrc%5Etfw\">11 de abril de 2023<\/a><\/p><\/blockquote>\n<\/div>\n<p>HERMANO INC\u00d3MODO<\/p>\n<p>Los dirigentes enfatizaron que en diversos actos ilegales se encuentra involucrado No\u00e9 Jara Cruz.<\/p>\n<p>El hermano del gobernador, quien no cuenta con ning\u00fan cargo p\u00fablico, abusa de su posicionamiento para ofrecer obras en diversas comunidades, principalmente en la capital del estado en donde busca simpat\u00eda para el pr\u00f3ximo proceso electoral.<\/p>\n<p>Un ejemplo es que en la agencia de San Juan Chapultepec ofreci\u00f3 la pavimentaci\u00f3n de calles, mientras que, a otros grupos como en la Central de Abasto promete que con su ayuda se lograr\u00e1n sus gestiones.<\/p>\n<p>Sobre si interpondr\u00e1n denuncias contra No\u00e9 Jara, apuntaron que es una decisi\u00f3n que se tomar\u00e1 en conjunto m\u00e1s adelante.<\/p>\n<p>FRENTE DE ORGANIZACIONES<\/p>\n<p>Ante la desatenci\u00f3n y bajo nuevos esquemas que van contra el bienestar de las comunidades, los partidos tambi\u00e9n integrar\u00e1n un nuevo frente de organizaciones para exigir que se respeten las gestiones alcanzadas.<\/p>\n<p>El presidente estatal del PRI, Javier Villaca\u00f1a, se\u00f1al\u00f3 que diversas organizaciones han denunciado que, tras m\u00e1s de seis o siete meses de tr\u00e1mites para lograr obras a favor de las comunidades, el gobierno actual las rechaza y ordena comenzar nuevos tr\u00e1mites.<\/p>\n<p>Por su parte, Perla Woolrich, dej\u00f3 en claro que el frente alcanzar\u00e1 \u201cuna fuerza que no se imagina el gobernador\u201d, por lo que la invitaci\u00f3n a las organizaciones est\u00e1 abierta.<\/p>\n<p>La dirigente estatal del PAN se\u00f1al\u00f3 que en la mesa de atenci\u00f3n no se limitar\u00e1n a abordar las peticiones de las autoridades municipales, tambi\u00e9n abordar\u00e1n el tema de la inseguridad en la entidad.<\/p>\n<p>\u201cTodo anda mal en Oaxaca\u201d, enfatiz\u00f3 la lideresa al referirse a los hechos de feminicidios, narcotr\u00e1fico, violencia, inseguridad en las carreteras, y falta de justicia, entre otros temas.<\/p>\n","protected":false},"excerpt":{"rendered":"<p>Yuridiana Sosa\/Zona Roja. Oaxaca de Ju\u00e1rez, Oax., a 11 de abril de 2023.- Ante presuntos&hellip;<\/p>\n","protected":false},"author":2,"featured_media":53893,"comment_status":"closed","ping_status":"open","sticky":false,"template":"","format":"standard","meta":{"_lmt_disableupdate":"","_lmt_disable":"","_jetpack_memberships_contains_paid_content":false,"footnotes":""},"categories":[109,46],"tags":[2456],"class_list":["post-53892","post","type-post","status-publish","format-standard","has-post-thumbnail","hentry","category-minuto-a-minuto","category-zona-blanca","tag-javier-villacana-jimenez"],"jetpack_featured_media_url":"https:\/\/zonaroja.com.mx\/wp-content\/uploads\/2023\/04\/Conferfencia-de-prensa-Javier-Villacana-PRI-PAN.jpg","jetpack_sharing_enabled":true,"_links":{"self":[{"href":"https:\/\/zonaroja.com.mx\/index.php?rest_route=\/wp\/v2\/posts\/53892","targetHints":{"allow":["GET"]}}],"collection":[{"href":"https:\/\/zonaroja.com.mx\/index.php?rest_route=\/wp\/v2\/posts"}],"about":[{"href":"https:\/\/zonaroja.com.mx\/index.php?rest_route=\/wp\/v2\/types\/post"}],"author":[{"embeddable":true,"href":"https:\/\/zonaroja.com.mx\/index.php?rest_route=\/wp\/v2\/users\/2"}],"replies":[{"embeddable":true,"href":"https:\/\/zonaroja.com.mx\/index.php?rest_route=%2Fwp%2Fv2%2Fcomments&post=53892"}],"version-history":[{"count":2,"href":"https:\/\/zonaroja.com.mx\/index.php?rest_route=\/wp\/v2\/posts\/53892\/revisions"}],"predecessor-version":[{"id":53895,"href":"https:\/\/zonaroja.com.mx\/index.php?rest_route=\/wp\/v2\/posts\/53892\/revisions\/53895"}],"wp:featuredmedia":[{"embeddable":true,"href":"https:\/\/zonaroja.com.mx\/index.php?rest_route=\/wp\/v2\/media\/53893"}],"wp:attachment":[{"href":"https:\/\/zonaroja.com.mx\/index.php?rest_route=%2Fwp%2Fv2%2Fmedia&parent=53892"}],"wp:term":[{"taxonomy":"category","embeddable":true,"href":"https:\/\/zonaroja.com.mx\/index.php?rest_route=%2Fwp%2Fv2%2Fcategories&post=53892"},{"taxonomy":"post_tag","embeddable":true,"href":"https:\/\/zonaroja.com.mx\/index.php?rest_route=%2Fwp%2Fv2%2Ftags&post=53892"}],"curies":[{"name":"wp","href":"https:\/\/api.w.org\/{rel}","templated":true}]}}