{"id":5390,"date":"2019-11-03T19:41:32","date_gmt":"2019-11-04T01:41:32","guid":{"rendered":"http:\/\/www.zonaroja.com.mx\/?p=5390"},"modified":"2019-11-03T19:41:35","modified_gmt":"2019-11-04T01:41:35","slug":"impune-cinco-dias-de-bloqueo-a-via-oaxaca-chiapas-autoridad-vacaciona","status":"publish","type":"post","link":"https:\/\/zonaroja.com.mx\/?p=5390","title":{"rendered":"Impune, cinco d\u00edas de bloqueo a v\u00eda Oaxaca-Chiapas; autoridad vacaciona"},"content":{"rendered":"\n<p>Redacci\u00f3n\/Zona\nRoja.<\/p>\n\n\n\n<p>Oaxaca de\nJu\u00e1rez, Oax., 3 de noviembre de 2019.- Sin que ninguna autoridad estatal o\nfederal atienda sus demandas, por el lapso vacacional del D\u00eda de Muertos, este\ns\u00e1bado cumpli\u00f3 cinco d\u00edas el bloqueo a la carretera Panamericana 190, en la\nregi\u00f3n del Istmo de Tehuantepec.<\/p>\n\n\n\n<p>Desde el\npasado mi\u00e9rcoles, pobladores de San Francisco del Mar cerraron la vialidad a la\naltura del kil\u00f3metro 52, entronque a la comunidad de El Zopilote, en el\nsubtramo Santiago Niltepec-Santo Domingo Zanatepec.<\/p>\n\n\n\n<p>Entre otras demandas,\nexigen la revocaci\u00f3n de mandato del presidente municipal Juan Carlos Vargas\nG\u00f3mez, emanado del PRI; el desbloqueo del paso hacia Pueblo Viejo, para que\npuedan realizar sus labores de pesca.<\/p>\n\n\n\n<p>Asimismo,\napoyos para proyectos productivos y para el campo; para pavimentaci\u00f3n de\ncarreteras y rehabilitaci\u00f3n de caminos. Tambi\u00e9n, la salida de un grupo de\nprofesores afiliados al Sindicato Independiente de Trabajadores de la Educaci\u00f3n\nde M\u00e9xico (SITEM).<\/p>\n\n\n\n<p>El jueves,\nlos habitantes de ese pueblo huave signaron una minuta con representantes de la\nSecretar\u00eda General de Gobierno, pero no la cumplieron.<\/p>\n\n\n\n<p>Este domingo\ncumplieron cinco d\u00edas del cierre al tr\u00e1nsito vehicular, por lo que existen\nseveras complicaciones para transportistas y automovilistas y transportistas,\nas\u00ed como camiones de pasajeros, desde y hacia Chiapas, as\u00ed como otros\nmunicipios de la zona oriente del Istmo.<\/p>\n","protected":false},"excerpt":{"rendered":"<p>Redacci\u00f3n\/Zona Roja. Oaxaca de Ju\u00e1rez, Oax., 3 de noviembre de 2019.- Sin que ninguna autoridad&hellip;<\/p>\n","protected":false},"author":2,"featured_media":5391,"comment_status":"closed","ping_status":"open","sticky":false,"template":"","format":"standard","meta":{"_lmt_disableupdate":"","_lmt_disable":"","_jetpack_memberships_contains_paid_content":false,"footnotes":""},"categories":[109,47],"tags":[954],"class_list":["post-5390","post","type-post","status-publish","format-standard","has-post-thumbnail","hentry","category-minuto-a-minuto","category-zona-gris","tag-san-francisco-del-mar"],"jetpack_featured_media_url":"https:\/\/zonaroja.com.mx\/wp-content\/uploads\/2019\/11\/Bloqueo-San-Francisco-del-Mar-3.jpg","jetpack_sharing_enabled":true,"_links":{"self":[{"href":"https:\/\/zonaroja.com.mx\/index.php?rest_route=\/wp\/v2\/posts\/5390","targetHints":{"allow":["GET"]}}],"collection":[{"href":"https:\/\/zonaroja.com.mx\/index.php?rest_route=\/wp\/v2\/posts"}],"about":[{"href":"https:\/\/zonaroja.com.mx\/index.php?rest_route=\/wp\/v2\/types\/post"}],"author":[{"embeddable":true,"href":"https:\/\/zonaroja.com.mx\/index.php?rest_route=\/wp\/v2\/users\/2"}],"replies":[{"embeddable":true,"href":"https:\/\/zonaroja.com.mx\/index.php?rest_route=%2Fwp%2Fv2%2Fcomments&post=5390"}],"version-history":[{"count":1,"href":"https:\/\/zonaroja.com.mx\/index.php?rest_route=\/wp\/v2\/posts\/5390\/revisions"}],"predecessor-version":[{"id":5392,"href":"https:\/\/zonaroja.com.mx\/index.php?rest_route=\/wp\/v2\/posts\/5390\/revisions\/5392"}],"wp:featuredmedia":[{"embeddable":true,"href":"https:\/\/zonaroja.com.mx\/index.php?rest_route=\/wp\/v2\/media\/5391"}],"wp:attachment":[{"href":"https:\/\/zonaroja.com.mx\/index.php?rest_route=%2Fwp%2Fv2%2Fmedia&parent=5390"}],"wp:term":[{"taxonomy":"category","embeddable":true,"href":"https:\/\/zonaroja.com.mx\/index.php?rest_route=%2Fwp%2Fv2%2Fcategories&post=5390"},{"taxonomy":"post_tag","embeddable":true,"href":"https:\/\/zonaroja.com.mx\/index.php?rest_route=%2Fwp%2Fv2%2Ftags&post=5390"}],"curies":[{"name":"wp","href":"https:\/\/api.w.org\/{rel}","templated":true}]}}