{"id":53900,"date":"2023-04-11T21:31:43","date_gmt":"2023-04-12T02:31:43","guid":{"rendered":"http:\/\/www.zonaroja.com.mx\/?p=53900"},"modified":"2023-04-11T21:32:50","modified_gmt":"2023-04-12T02:32:50","slug":"53900","status":"publish","type":"post","link":"https:\/\/zonaroja.com.mx\/?p=53900","title":{"rendered":"No\u00e9 Jara, adem\u00e1s de \u201crepresentante\u201d de gobierno, lucra con seguridad"},"content":{"rendered":"<p>Redacci\u00f3n\/Zona Roja.<\/p>\n<p>Oaxaca de Ju\u00e1rez, Oax., a 11 de abril de 2023.- No\u00e9 Jara Cruz no solamente lucra pol\u00edticamente con el gobierno de su hermano Salom\u00f3n Jara.<\/p>\n<p>Tambi\u00e9n, se presenta como gestor y promotor de obras y apoyos sociales, seg\u00fan lo revel\u00f3 hoy el dirigente del PRI, Javier Villaca\u00f1a Jim\u00e9nez, pero condicionando a que se afilien a Morena o al PVEM.<\/p>\n<p>Tras ello, se han dado a conocer nuevos hechos constitutivos de delitos de quien busca ser candidato a la presidencia municipal de Oaxaca de Ju\u00e1rez y recorre continuamente calles de colonias y agencias para ganar simpat\u00edas.<\/p>\n<p>De acuerdo con fuentes morenistas, antag\u00f3nicas al hermano del gobernador, No\u00e9 Jara Cruz coloc\u00f3 como director de la PABIC a Alejandro Tejada Morales, con quien estar\u00eda haciendo negocios con los servicios de seguridad.<\/p>\n<p>Adem\u00e1s, habr\u00eda solicitado al secretario de Seguridad P\u00fablica, Iv\u00e1n Garc\u00eda \u00c1lvarez, no remover a quien fuera director del reclusorio femenil de Tanivet, Daniel Eleazar Ram\u00edrez Cruz, quien permaneci\u00f3 cuatro meses m\u00e1s en el cargo tras fenecer el sexenio anterior.<\/p>\n<p>No obstante, por las presiones y revelaciones medi\u00e1ticas, tuvo que ser cesado ya que fue involucrado en el tr\u00e1fico de drogas y protecci\u00f3n a narcomenudistas en ese penal ubicado en San Francisco Tanivet, Tlacolula.<\/p>\n<p>Recientemente fue se\u00f1alado adem\u00e1s a trav\u00e9s de diversos medios de comunicaci\u00f3n de inaugurar obras en el municipio de Oaxaca de Ju\u00e1rez, pese a que estas hab\u00edan sido construidas con recursos del ayuntamiento. Adem\u00e1s, de aliarse y proteger a la organizaci\u00f3n Confederaci\u00f3n Joven, conocida como CATEM Joven, y de CATEM-CTM Oaxaca.<\/p>\n","protected":false},"excerpt":{"rendered":"<p>Redacci\u00f3n\/Zona Roja. Oaxaca de Ju\u00e1rez, Oax., a 11 de abril de 2023.- No\u00e9 Jara Cruz&hellip;<\/p>\n","protected":false},"author":2,"featured_media":53901,"comment_status":"closed","ping_status":"open","sticky":false,"template":"","format":"standard","meta":{"_lmt_disableupdate":"","_lmt_disable":"","_jetpack_memberships_contains_paid_content":false,"footnotes":""},"categories":[109,47],"tags":[3305],"class_list":["post-53900","post","type-post","status-publish","format-standard","has-post-thumbnail","hentry","category-minuto-a-minuto","category-zona-gris","tag-noe-jara-cruz"],"jetpack_featured_media_url":"https:\/\/zonaroja.com.mx\/wp-content\/uploads\/2023\/04\/Noe-Jara-Cruz.jpeg","jetpack_sharing_enabled":true,"_links":{"self":[{"href":"https:\/\/zonaroja.com.mx\/index.php?rest_route=\/wp\/v2\/posts\/53900","targetHints":{"allow":["GET"]}}],"collection":[{"href":"https:\/\/zonaroja.com.mx\/index.php?rest_route=\/wp\/v2\/posts"}],"about":[{"href":"https:\/\/zonaroja.com.mx\/index.php?rest_route=\/wp\/v2\/types\/post"}],"author":[{"embeddable":true,"href":"https:\/\/zonaroja.com.mx\/index.php?rest_route=\/wp\/v2\/users\/2"}],"replies":[{"embeddable":true,"href":"https:\/\/zonaroja.com.mx\/index.php?rest_route=%2Fwp%2Fv2%2Fcomments&post=53900"}],"version-history":[{"count":2,"href":"https:\/\/zonaroja.com.mx\/index.php?rest_route=\/wp\/v2\/posts\/53900\/revisions"}],"predecessor-version":[{"id":53903,"href":"https:\/\/zonaroja.com.mx\/index.php?rest_route=\/wp\/v2\/posts\/53900\/revisions\/53903"}],"wp:featuredmedia":[{"embeddable":true,"href":"https:\/\/zonaroja.com.mx\/index.php?rest_route=\/wp\/v2\/media\/53901"}],"wp:attachment":[{"href":"https:\/\/zonaroja.com.mx\/index.php?rest_route=%2Fwp%2Fv2%2Fmedia&parent=53900"}],"wp:term":[{"taxonomy":"category","embeddable":true,"href":"https:\/\/zonaroja.com.mx\/index.php?rest_route=%2Fwp%2Fv2%2Fcategories&post=53900"},{"taxonomy":"post_tag","embeddable":true,"href":"https:\/\/zonaroja.com.mx\/index.php?rest_route=%2Fwp%2Fv2%2Ftags&post=53900"}],"curies":[{"name":"wp","href":"https:\/\/api.w.org\/{rel}","templated":true}]}}