{"id":53904,"date":"2023-04-11T22:29:03","date_gmt":"2023-04-12T03:29:03","guid":{"rendered":"http:\/\/www.zonaroja.com.mx\/?p=53904"},"modified":"2023-04-11T22:31:16","modified_gmt":"2023-04-12T03:31:16","slug":"53904","status":"publish","type":"post","link":"https:\/\/zonaroja.com.mx\/?p=53904","title":{"rendered":"Opini\u00f3n. Extranjeros en Oaxaca"},"content":{"rendered":"<p>N\u00e9stor Y. S\u00e1nchez Islas<\/p>\n<p>Un fen\u00f3meno que se da nivel nacional&nbsp;se repite en Oaxaca y algunas comunidades. Cada vez es m\u00e1s frecuente encontrar por las calles a extranjeros,&nbsp;no en plan de turistas&nbsp;sino de residentes temporales o permanentes.<\/p>\n<p>Lo habitual era verlos en el centro, los sitios arqueol\u00f3gicos o las playas. Se les reconoce a simple vista.&nbsp;No conocemos su pa\u00eds de origen, pero a todos les aplicamos el peyorativo \u201cgringo\u201d.&nbsp;Para&nbsp;ellos&nbsp;se han invertido millones de pesos en infraestructura, como aeropuertos, hoteles&nbsp;y recintos culturales. Son la fuente de ingresos m\u00e1s importantes para un estado que tiene que vender su cultura porque&nbsp;carecemos de industrias y de centros tecnol\u00f3gicos.<\/p>\n<p>Los podemos encontrar m\u00e1s all\u00e1 del barrio de Xochimilco, San Felipe&nbsp;o Jalatlaco. Colonias como la Sabino Crespo,&nbsp;la G\u00f3mez Sandoval, Candiani o Santa Rosa&nbsp;los alojan. No son los elegantes turistas de los caros hoteles del centro,&nbsp;son personas que aparentan ser pensionados de sus pa\u00edses&nbsp;de origen&nbsp;o j\u00f3venes que visten y calzan con absoluto desenfado, pero que quiz\u00e1 sean los llamados \u201cn\u00f3madas digitales\u201d, j\u00f3venes talentosos que trabajan usando las avanzadas tecnolog\u00edas de internet.&nbsp;Pensionados y j\u00f3venes se&nbsp;van mezclando con la poblaci\u00f3n y hasta aprenden a regatear en los mercados.<\/p>\n<p>La presencia de extranjeros no es novedad.&nbsp;Lo que ha cambiado mucho son los patrones de su conducta y el origen de&nbsp;estos.&nbsp;Hasta el siglo XIX pr\u00e1cticamente solo hab\u00eda espa\u00f1oles, casi todos ellos propietarios de haciendas, comerciantes o en altos cargos p\u00fablicos. A partir del siglo XIX&nbsp;inici\u00f3&nbsp;la llegada formal de norteamericanos, ingleses, franceses y hasta rusos o lituanos.&nbsp;La lectura de Carlos S\u00e1nchez Silva y su ensayo \u201cExtranjeros en Oaxaca\u201d proporciona datos interesantes del siglo XIX y hasta los a\u00f1os 40 del siglo pasado.&nbsp;Existe otra fuente de datos en&nbsp;el ensayo de M\u00f3nica Palma Mora que tambi\u00e9n aborda el tema de los extranjeros en Oaxaca, pero desde los a\u00f1os 60 del siglo pasado hasta el 2005.<\/p>\n<p>Los inmigrantes&nbsp;de hoy tienen motivaciones&nbsp;e intenciones&nbsp;diferentes. En siglos pasados&nbsp;fue&nbsp;la extracci\u00f3n de la riqueza que aqu\u00ed encontraron la que los trajo. La explotaci\u00f3n de minas, ganader\u00eda o agricultura&nbsp;o&nbsp;la construcci\u00f3n de infraestructura como el ferrocarril. Ahora, los pensionados reciben desde sus pa\u00edses el dep\u00f3sito a sus cuentas. Los n\u00f3madas digitales trabajan desde aqu\u00ed en empresas y proyectos alrededor del mundo. Tambi\u00e9n reciben pagos desde el extranjero. Esto no significa, por supuesto, que no existan aqu\u00ed empresas extranjeras extractoras, como las mineras,&nbsp;las de hoteler\u00eda y restauraci\u00f3n, viajes y muchas m\u00e1s.<\/p>\n<p>Muchos de los extranjeros que llegaron a Oaxaca se&nbsp;acomodaron&nbsp;en las altas&nbsp;clases&nbsp;de la sociedad cas\u00e1ndose con las hijas de los ricos de entonces. De ah\u00ed vienen algunos de los apellidos que se consideraban de \u201cabolengo\u201d por ser de origen extranjero. Algunos inmigrantes construyeron aqu\u00ed sus fortunas al huir de sus pa\u00edses por diferentes circunstancias y crearon nuevas dinast\u00edas cuyos apellidos son de origen vasco, liban\u00e9s&nbsp;o franc\u00e9s.<\/p>\n<p>La llegada de extranjeros enriqueci\u00f3 nuestras tierras con ideas, conocimientos y tecnolog\u00edas que no conoc\u00edamos. Caso&nbsp;en&nbsp;concreto son los exiliados de la rep\u00fablica espa\u00f1ola que no solo llegaron a Oaxaca, sino a todo el pa\u00eds. Algo similar con los antrop\u00f3logos, soci\u00f3logos, fil\u00f3sofos o historiadores que nos trajo la guerra sucia en Sudam\u00e9rica a partir de los a\u00f1os 50, pero con \u00e9nfasis en los 70.<\/p>\n<p>Existen&nbsp;otros extranjeros de paso por Oaxaca. Son como sombras que atraviesan nuestro territorio y solo nos fijamos en ellos por los problemas que enfrentan o provocan.&nbsp;Los centroamericanos est\u00e1n aqu\u00ed y los miramos con desconfianza. Hablan diferente y su aspecto nos parece desagradable. Son gente pobre&nbsp;la mayor\u00eda, que busca lograr el lejano \u201csue\u00f1o americano\u201d y van tras de \u00e9l. Ellos mismo nos miran con desconfianza, nos desprecian&nbsp;o nos temen. Su paso por M\u00e9xico es una especie de purgatorio que deben atravesar forzosamente&nbsp;y, si sobreviven, tal vez&nbsp;llegar&nbsp;a los Estados Unidos.<\/p>\n<p>Son carne de ca\u00f1\u00f3n para la delincuentes y para pol\u00edticos. Ambos los usan a conveniencia y conocemos los resultados: masacrados por las mafias o incinerados en \u201crefugios\u201d. Normalmente no les interesa&nbsp;quedarse. Rechazan los permisos de trabajo que se les ofrecen.<\/p>\n<p>La presencia de los extranjeros tendr\u00e1 consecuencias. Traen su cultura, su lengua, sus costumbres y tradiciones, su religi\u00f3n y sus gustos.&nbsp;Todo ello influir\u00e1 en la cultura popular que&nbsp;estamos construyendo&nbsp;ahora mismo. Bailes, m\u00fasica, comida&nbsp;y fiestas van a cambiar.&nbsp;Su influencia y la convivencia con los oaxaque\u00f1os&nbsp;vamos a asimilarla como se hizo con la religi\u00f3n,&nbsp;alimentos, m\u00fasica y costumbres que trajeron los espa\u00f1oles. Hay un nuevo mestizaje en&nbsp;construcci\u00f3n&nbsp;en gran parte debido a la&nbsp;globalizaci\u00f3n que vivimos.<\/p>\n<p>Con ellos traen problemas, como encarecer&nbsp;nuestras vidas, pero su llegada es inevitable mientras&nbsp;seamos&nbsp;un pa\u00eds libre, plural&nbsp;y&nbsp;abierto al mundo.<\/p>\n<p>nestoryuri@yahoo.com<\/p>\n","protected":false},"excerpt":{"rendered":"<p>N\u00e9stor Y. S\u00e1nchez Islas Un fen\u00f3meno que se da nivel nacional&nbsp;se repite en Oaxaca y&hellip;<\/p>\n","protected":false},"author":2,"featured_media":41861,"comment_status":"closed","ping_status":"open","sticky":false,"template":"","format":"standard","meta":{"_lmt_disableupdate":"","_lmt_disable":"","_jetpack_memberships_contains_paid_content":false,"footnotes":""},"categories":[456,109],"tags":[3050],"class_list":["post-53904","post","type-post","status-publish","format-standard","has-post-thumbnail","hentry","category-columna","category-minuto-a-minuto","tag-nestor-yuri-sanchez"],"jetpack_featured_media_url":"https:\/\/zonaroja.com.mx\/wp-content\/uploads\/2022\/05\/Opinion-Nestor-Yuri-Sanchez-Islas.jpg","jetpack_sharing_enabled":true,"_links":{"self":[{"href":"https:\/\/zonaroja.com.mx\/index.php?rest_route=\/wp\/v2\/posts\/53904","targetHints":{"allow":["GET"]}}],"collection":[{"href":"https:\/\/zonaroja.com.mx\/index.php?rest_route=\/wp\/v2\/posts"}],"about":[{"href":"https:\/\/zonaroja.com.mx\/index.php?rest_route=\/wp\/v2\/types\/post"}],"author":[{"embeddable":true,"href":"https:\/\/zonaroja.com.mx\/index.php?rest_route=\/wp\/v2\/users\/2"}],"replies":[{"embeddable":true,"href":"https:\/\/zonaroja.com.mx\/index.php?rest_route=%2Fwp%2Fv2%2Fcomments&post=53904"}],"version-history":[{"count":2,"href":"https:\/\/zonaroja.com.mx\/index.php?rest_route=\/wp\/v2\/posts\/53904\/revisions"}],"predecessor-version":[{"id":53906,"href":"https:\/\/zonaroja.com.mx\/index.php?rest_route=\/wp\/v2\/posts\/53904\/revisions\/53906"}],"wp:featuredmedia":[{"embeddable":true,"href":"https:\/\/zonaroja.com.mx\/index.php?rest_route=\/wp\/v2\/media\/41861"}],"wp:attachment":[{"href":"https:\/\/zonaroja.com.mx\/index.php?rest_route=%2Fwp%2Fv2%2Fmedia&parent=53904"}],"wp:term":[{"taxonomy":"category","embeddable":true,"href":"https:\/\/zonaroja.com.mx\/index.php?rest_route=%2Fwp%2Fv2%2Fcategories&post=53904"},{"taxonomy":"post_tag","embeddable":true,"href":"https:\/\/zonaroja.com.mx\/index.php?rest_route=%2Fwp%2Fv2%2Ftags&post=53904"}],"curies":[{"name":"wp","href":"https:\/\/api.w.org\/{rel}","templated":true}]}}