{"id":53907,"date":"2023-04-11T23:25:36","date_gmt":"2023-04-12T04:25:36","guid":{"rendered":"http:\/\/www.zonaroja.com.mx\/?p=53907"},"modified":"2023-04-11T23:32:41","modified_gmt":"2023-04-12T04:32:41","slug":"53907","status":"publish","type":"post","link":"https:\/\/zonaroja.com.mx\/?p=53907","title":{"rendered":"Siguen las protestas en Oaxaca\u2026 y siguen los yerros en la Secretar\u00eda de Gobierno"},"content":{"rendered":"<p>Redacci\u00f3n\/Zona Roja.<\/p>\n<p>Oaxaca de Ju\u00e1rez, Oax., 11 de abril de 2023.- Las movilizaciones y las protestas no cesan en Oaxaca y este martes toc\u00f3 a las regiones Mixteca y Costa.<\/p>\n<p>Y continuaron tambi\u00e9n los yerros en la Secretar\u00eda de Gobierno (Sego), que encabeza Jes\u00fas Romero L\u00f3pez, que denomin\u00f3 a una organizaci\u00f3n inconforme como \u201c25 de Octubre\u201d, cuando el nombre correcto es \u201c23 de Octubre\u201d.<\/p>\n<p>Pero adem\u00e1s, en redes sociales difundi\u00f3 la movilizaci\u00f3n y enunci\u00f3 que participaba el Frente Popular Revolucionario (FPR), que tuvo que precisar que este martes no realiz\u00f3 ninguna protesta.<\/p>\n<p>Fueron en su mayor\u00eda los integrantes del Frente Nacional Ind\u00edgena y Campesino (FNIC) quienes bloquearon diversas carreteras, par exigir la instalaci\u00f3n de una mesa de di\u00e1logo con el gobernador Salom\u00f3n Jara Cruz, \u201cante la falta de cumplimento de demandas sociales, pol\u00edticas y de transporte\u201d.<\/p>\n<p>Una de los varios cierres viales fue en la v\u00eda Oaxaca-Huajuapan, a la altura de Tezoatl\u00e1n de Segura y Luna, que fue cerrada casi todo el d\u00eda.<\/p>\n<div class=\"twitter-tweet\">\n<blockquote class=\"twitter-tweet\" data-lang=\"es\">\n<p lang=\"es\" dir=\"ltr\"><a href=\"https:\/\/twitter.com\/hashtag\/%C3%9AltimoMinuto?src=hash&amp;ref_src=twsrc%5Etfw\">#\u00daltimoMinuto<\/a><br \/>Otro d\u00eda de caos en Oaxaca, a falta de operatividad de la <a href=\"https:\/\/twitter.com\/SEGO_Oax?ref_src=twsrc%5Etfw\">@SEGO_Oax<\/a>. <br \/>Organizaciones sociales como FNIC, el FPR, \u201c23 de Octubre\u201d, entre otras, bloquean diversas carreteras en la Mixteca y en la Costa. <a href=\"https:\/\/t.co\/4wPYspHOUy\">pic.twitter.com\/4wPYspHOUy<\/a><\/p>\n<p>&mdash; Zona Roja Oaxaca (@ZonaRoja_Oaxaca) <a href=\"https:\/\/twitter.com\/ZonaRoja_Oaxaca\/status\/1645850241416024075?ref_src=twsrc%5Etfw\">11 de abril de 2023<\/a><\/p><\/blockquote>\n<\/div>\n<p>Seg\u00fan el dirigente estatal del FNIC, Israel Ram\u00edrez Mart\u00ednez, fue el fin de semana en que acordaron intensificar sus movilizaciones ante la nula atenci\u00f3n de la autoridad estatal.<\/p>\n<p>Entre otras problem\u00e1ticas que detall\u00f3, se encuentran del \u00e1rea del transporte en Pinotepa de Don Luis y de tenencia de la tierra en Asunci\u00f3n Nochixtl\u00e1n.<\/p>\n<p>\u201cViendo la cerraz\u00f3n, adem\u00e1s de que se cierra el Gobierno del Estado de Oaxaca en su burbuja y piensa que gobernar es administrar, eso no va llevar a nada bueno. Nosotros abogamos para que el Gobierno del Estado se sensibilice para que vea que hay una deuda pendiente con todas las organizaciones, clase obrera y campesina\u201d, refiri\u00f3 el lunes, al anunciar la movilizaci\u00f3n.<\/p>\n<p>Por otra parte, integrantes del Movimiento Agrario Ind\u00edgena Zapatista (MA\u00cdZ) se apoderaron hoy de las instalaciones de Comisi\u00f3n Federal de Electricidad (CFE) en Huajuapan de Le\u00f3n, como parte de jornada nacional de la Red de Resistencias contra megaproyectos y altas tarifas el\u00e9ctricas. <span class=\"Apple-converted-space\">&nbsp;<\/span><\/p>\n<div class=\"twitter-tweet\">\n<blockquote class=\"twitter-tweet\" data-lang=\"es\">\n<p lang=\"es\" dir=\"ltr\">Tan desinformada y tan desorganizada la <a href=\"https:\/\/twitter.com\/SEGO_Oax?ref_src=twsrc%5Etfw\">@SEGO_Oax<\/a>, que el <a href=\"https:\/\/twitter.com\/FPR_OAXACA?ref_src=twsrc%5Etfw\">@FPR_OAXACA<\/a> le aclara que no participa hoy en alguna movilizaci\u00f3n, como lo difundi\u00f3 la instituci\u00f3n que encabeza <a href=\"https:\/\/twitter.com\/jesusromerooax?ref_src=twsrc%5Etfw\">@jesusromerooax<\/a> en redes sociales: <a href=\"https:\/\/t.co\/hF79xtM9n5\">https:\/\/t.co\/hF79xtM9n5<\/a><\/p>\n<p>&mdash; Zona Roja Oaxaca (@ZonaRoja_Oaxaca) <a href=\"https:\/\/twitter.com\/ZonaRoja_Oaxaca\/status\/1645860915248762880?ref_src=twsrc%5Etfw\">11 de abril de 2023<\/a><\/p><\/blockquote>\n<\/div>\n","protected":false},"excerpt":{"rendered":"<p>Redacci\u00f3n\/Zona Roja. Oaxaca de Ju\u00e1rez, Oax., 11 de abril de 2023.- Las movilizaciones y las&hellip;<\/p>\n","protected":false},"author":2,"featured_media":53909,"comment_status":"closed","ping_status":"open","sticky":false,"template":"","format":"standard","meta":{"_lmt_disableupdate":"","_lmt_disable":"","_jetpack_memberships_contains_paid_content":false,"footnotes":""},"categories":[109,47],"tags":[3499],"class_list":["post-53907","post","type-post","status-publish","format-standard","has-post-thumbnail","hentry","category-minuto-a-minuto","category-zona-gris","tag-frente-nacional-indigena-y-campesino-fnic"],"jetpack_featured_media_url":"https:\/\/zonaroja.com.mx\/wp-content\/uploads\/2023\/04\/Bloqueos-FNIC-Oaxaca.jpg","jetpack_sharing_enabled":true,"_links":{"self":[{"href":"https:\/\/zonaroja.com.mx\/index.php?rest_route=\/wp\/v2\/posts\/53907","targetHints":{"allow":["GET"]}}],"collection":[{"href":"https:\/\/zonaroja.com.mx\/index.php?rest_route=\/wp\/v2\/posts"}],"about":[{"href":"https:\/\/zonaroja.com.mx\/index.php?rest_route=\/wp\/v2\/types\/post"}],"author":[{"embeddable":true,"href":"https:\/\/zonaroja.com.mx\/index.php?rest_route=\/wp\/v2\/users\/2"}],"replies":[{"embeddable":true,"href":"https:\/\/zonaroja.com.mx\/index.php?rest_route=%2Fwp%2Fv2%2Fcomments&post=53907"}],"version-history":[{"count":2,"href":"https:\/\/zonaroja.com.mx\/index.php?rest_route=\/wp\/v2\/posts\/53907\/revisions"}],"predecessor-version":[{"id":53911,"href":"https:\/\/zonaroja.com.mx\/index.php?rest_route=\/wp\/v2\/posts\/53907\/revisions\/53911"}],"wp:featuredmedia":[{"embeddable":true,"href":"https:\/\/zonaroja.com.mx\/index.php?rest_route=\/wp\/v2\/media\/53909"}],"wp:attachment":[{"href":"https:\/\/zonaroja.com.mx\/index.php?rest_route=%2Fwp%2Fv2%2Fmedia&parent=53907"}],"wp:term":[{"taxonomy":"category","embeddable":true,"href":"https:\/\/zonaroja.com.mx\/index.php?rest_route=%2Fwp%2Fv2%2Fcategories&post=53907"},{"taxonomy":"post_tag","embeddable":true,"href":"https:\/\/zonaroja.com.mx\/index.php?rest_route=%2Fwp%2Fv2%2Ftags&post=53907"}],"curies":[{"name":"wp","href":"https:\/\/api.w.org\/{rel}","templated":true}]}}