{"id":53912,"date":"2023-04-12T07:30:57","date_gmt":"2023-04-12T12:30:57","guid":{"rendered":"http:\/\/www.zonaroja.com.mx\/?p=53912"},"modified":"2023-04-12T08:31:48","modified_gmt":"2023-04-12T13:31:48","slug":"53912","status":"publish","type":"post","link":"https:\/\/zonaroja.com.mx\/?p=53912","title":{"rendered":"La FGR proceder\u00e1 penalmente contra el director del Instituto de Migraci\u00f3n"},"content":{"rendered":"<p>Redacci\u00f3n\/Zona Roja Cdmx.<\/p>\n<p>Ciudad de M\u00e9xico, a 12 de abril de 2023.- La Fiscal\u00eda General de la Rep\u00fablica inform\u00f3 que proceder\u00e1 penalmente contra Francisco Gardu\u00f1o, titular del Instituto Nacional de Migraci\u00f3n (INM), como uno de los directivos responsables del incendio del 27 de marzo que mat\u00f3 a 40 migrantes en las instalaciones de Ciudada Ju\u00e1rez, Chihuahua.<\/p>\n<p>La dependencia dijo que son dos los directivos del Instituto contra los que proceder\u00e1 penalmente, y adem\u00e1s de Gardu\u00f1o, el otro implicado en la muerte de los migrantes es Antonio Gonz\u00e1lez Guerrero, comisionado del INM en Chihuahua, ya que ambos \u201cincurrieron en presuntas conductas delictivas, al incumplir con sus obligaciones de vigilar, proteger y dar seguridad a las personas e instalaciones a su cargo, propiciando los delitos cometidos en contra de los migrantes\u201d.<\/p>\n<p>Otros servidores p\u00fablicos contra los que la Fiscal\u00eda procedi\u00f3 penalmente son Salvador \u2019N\u2019, Juan \u2019N\u2019, Cecilia \u2019N\u2019, Eduardo \u2018N\u2019.<\/p>\n<p>Contra ellos se procedi\u00f3 porque \u201cse encuentran vinculados directamente con las conductas que generaron los homicidios y las lesiones que sufrieron las v\u00edctimas de estos delitos\u201d.<\/p>\n<p>La Fiscal\u00eda a\u00f1adi\u00f3 que el incendio se\u00f1ala las omisiones que se siguen cometiendo en el Instituto Nacional de Migraci\u00f3n, de acuerdo con la Auditor\u00eda Superior de la Federaci\u00f3n (ASF). Adem\u00e1s, estas fallas \u201cindican un patr\u00f3n de irresponsabilidad y de omisiones que se ha reiterado y que ha sido el causante de estos lamentables hechos ya se\u00f1alados\u201d.<\/p>\n<p>ESTRUCTURA DELICTIVA<\/p>\n<p>En un comunicado, la dependencia federal dijo que con motivo del incendio se inici\u00f3 una investigaci\u00f3n que revel\u00f3 la existencia de una estructura delictiva al interior del INM que se mantuvo pese una recomendaci\u00f3n de la Comisi\u00f3n Nacional de Derechos Humanos (CNDH) y dict\u00e1menes de la Auditor\u00eda Superior de la Federaci\u00f3n.<\/p>\n<p>Detall\u00f3 que la indagatoria se hizo bajo dos l\u00edneas paralelas de informaci\u00f3n; la primera, dentro del INM; y la segunda, en el \u00e1mbito de la empresa de seguridad privada que prestaba servicios para el organismo cuando fue el incendio.<\/p>\n<p>Explic\u00f3 que, en la investigaci\u00f3n de antecedentes, se encontr\u00f3 que, el 31 de marzo de 2020, se dio en otro centro migratorio del INM, en Tenosique, Tabasco, un caso semejante, dando como resultado una persona muerta y 14 lesionados.<\/p>\n<p>\u201cPor esos hechos se gener\u00f3 una recomendaci\u00f3n de la CNDH, que indica un patr\u00f3n de conducta en el que se han omitido, por parte de los responsables, las medidas de seguridad que eran indispensables y obligatorias para estos casos\u201d, apunt\u00f3.<\/p>\n<p>Aunado a ello, agreg\u00f3, los dict\u00e1menes de la Auditor\u00eda Superior de la Federaci\u00f3n de los \u00faltimos a\u00f1os vuelven a se\u00f1alar, con toda claridad, las faltas y omisiones que en el INM se siguen cometiendo.<\/p>\n<p>Adem\u00e1s, indican un patr\u00f3n de irresponsabilidad y de omisiones que se ha reiterado y que ha sido el causante de estos lamentables hechos ya se\u00f1alados, por lo que se ha procedido penalmente en Francisco Gardu\u00f1o y Antonio \u2018N\u2019.<\/p>\n<p>Agreg\u00f3 que, por lo que toca a la empresa de seguridad privada y al propio INM, ambas partes suscribieron contratos por adjudicaci\u00f3n directa, omitiendo sus obligaciones de licitaci\u00f3n p\u00fablica y generando costos del doble de lo que en el sector p\u00fablico se paga por esos mismos servicios.<\/p>\n<p>Tambi\u00e9n omitieron el cumplimiento de sus obligaciones de capacitaci\u00f3n, control y supervisi\u00f3n que eran obligatorias; y, m\u00e1s a\u00fan, se ha evidenciado que la empresa se abstuvo de registrar en el IMSS a la inmensa mayor\u00eda de sus dependientes, lo cual trat\u00f3 de hacer d\u00edas despu\u00e9s de los hechos se\u00f1alados.<\/p>\n<p>\u201cToda esta serie de conductas ilegales y omisas fueron evidentemente elementos fundamentales que propiciaron la comisi\u00f3n de los delitos de referencia; por lo que la investigaci\u00f3n continuar\u00e1 sobre esos aspectos, hasta lograr la vinculaci\u00f3n a proceso de quienes sean responsables de tales hechos (el incendio)\u201d, enfatiz\u00f3 la Fiscal\u00eda.<\/p>\n<p>(Informaci\u00f3n de \u201cEl Financiero\u201d)<\/p>\n","protected":false},"excerpt":{"rendered":"<p>Redacci\u00f3n\/Zona Roja Cdmx. Ciudad de M\u00e9xico, a 12 de abril de 2023.- La Fiscal\u00eda General&hellip;<\/p>\n","protected":false},"author":2,"featured_media":53913,"comment_status":"closed","ping_status":"open","sticky":false,"template":"","format":"standard","meta":{"_lmt_disableupdate":"","_lmt_disable":"","_jetpack_memberships_contains_paid_content":false,"footnotes":""},"categories":[109,47],"tags":[3500],"class_list":["post-53912","post","type-post","status-publish","format-standard","has-post-thumbnail","hentry","category-minuto-a-minuto","category-zona-gris","tag-francisco-garduno-inm"],"jetpack_featured_media_url":"https:\/\/zonaroja.com.mx\/wp-content\/uploads\/2023\/04\/Francisco-Garduno-Migracion.jpeg","jetpack_sharing_enabled":true,"_links":{"self":[{"href":"https:\/\/zonaroja.com.mx\/index.php?rest_route=\/wp\/v2\/posts\/53912","targetHints":{"allow":["GET"]}}],"collection":[{"href":"https:\/\/zonaroja.com.mx\/index.php?rest_route=\/wp\/v2\/posts"}],"about":[{"href":"https:\/\/zonaroja.com.mx\/index.php?rest_route=\/wp\/v2\/types\/post"}],"author":[{"embeddable":true,"href":"https:\/\/zonaroja.com.mx\/index.php?rest_route=\/wp\/v2\/users\/2"}],"replies":[{"embeddable":true,"href":"https:\/\/zonaroja.com.mx\/index.php?rest_route=%2Fwp%2Fv2%2Fcomments&post=53912"}],"version-history":[{"count":2,"href":"https:\/\/zonaroja.com.mx\/index.php?rest_route=\/wp\/v2\/posts\/53912\/revisions"}],"predecessor-version":[{"id":53923,"href":"https:\/\/zonaroja.com.mx\/index.php?rest_route=\/wp\/v2\/posts\/53912\/revisions\/53923"}],"wp:featuredmedia":[{"embeddable":true,"href":"https:\/\/zonaroja.com.mx\/index.php?rest_route=\/wp\/v2\/media\/53913"}],"wp:attachment":[{"href":"https:\/\/zonaroja.com.mx\/index.php?rest_route=%2Fwp%2Fv2%2Fmedia&parent=53912"}],"wp:term":[{"taxonomy":"category","embeddable":true,"href":"https:\/\/zonaroja.com.mx\/index.php?rest_route=%2Fwp%2Fv2%2Fcategories&post=53912"},{"taxonomy":"post_tag","embeddable":true,"href":"https:\/\/zonaroja.com.mx\/index.php?rest_route=%2Fwp%2Fv2%2Ftags&post=53912"}],"curies":[{"name":"wp","href":"https:\/\/api.w.org\/{rel}","templated":true}]}}