{"id":53918,"date":"2023-04-12T11:30:54","date_gmt":"2023-04-12T16:30:54","guid":{"rendered":"http:\/\/www.zonaroja.com.mx\/?p=53918"},"modified":"2023-04-12T15:13:12","modified_gmt":"2023-04-12T20:13:12","slug":"53918","status":"publish","type":"post","link":"https:\/\/zonaroja.com.mx\/?p=53918","title":{"rendered":"Abre Santa Luc\u00eda del Camino convocatoria para reclutar personal de seguridad"},"content":{"rendered":"<p>Redacci\u00f3n\/Zona Roja.<\/p>\n<p>Oaxaca de Ju\u00e1rez, Oax., a 12 de abril de 2023.- Como parte de la estrategia para seguir trabajando por la seguridad en Santa Luc\u00eda del Camino, la cual sigue dando resultados positivos a favor de la ciudadan\u00eda, el ayuntamiento de este municipio public\u00f3 la convocatoria para el reclutamiento, selecci\u00f3n e ingreso para formar parte de la Direcci\u00f3n de Seguridad P\u00fablica y Polic\u00eda Vial.<\/p>\n<p>La administraci\u00f3n que encabeza el presidente municipal Juan Carlos Garc\u00eda M\u00e1rquez, est\u00e1 buscando ciudadanos comprometidos con la seguridad en Santa Luc\u00eda del Camino, que sean ejemplo en conducta dentro de la sociedad, que tenga buena salud f\u00edsica y mental, para as\u00ed responder de manera efectiva al trabajo diario que realiza la Direcci\u00f3n de Seguridad P\u00fablica y Polic\u00eda Vial a favor de las y los habitantes.<\/p>\n<p>El curso de formaci\u00f3n se llevar\u00e1 a cabo en un periodo de cuatro meses, donde los aspirantes deber\u00e1n estar sujetos a normas y disposiciones que en materia disciplinaria emita la Direcci\u00f3n de Seguridad P\u00fablica y Polic\u00eda Vial que est\u00e1 a cargo de Marcos Fredy Hern\u00e1ndez L\u00f3pez; en caso de incumplir con lo impuesto, podr\u00edan ser sancionados de acuerdo a la gravedad de la falta.<\/p>\n<p>Una vez concluido este proceso, la misma Direcci\u00f3n de Seguridad P\u00fablica y Polic\u00eda Vial ser\u00e1 la encargada de determinar si el aspirante formar\u00e1 parte de la Polic\u00eda Municipal o Polic\u00eda Vial Municipal, para as\u00ed proceder a su contrataci\u00f3n.<\/p>\n<p>La recepci\u00f3n de la documentaci\u00f3n para participar en esta convocatoria, permanecer\u00e1 abierta hasta que se encuentren cubiertas todas las vacantes disponibles; y se llevar\u00e1 a cabo en las oficinas de la Direcci\u00f3n de Seguridad P\u00fablica y Polic\u00eda Vial, ubicadas en calle Siracuza s\/n, en Santa Luc\u00eda de Camino.<\/p>\n<p>El presidente municipal Juan Carlos Garc\u00eda M\u00e1rquez, est\u00e1 convencido que en Santa Luc\u00eda del Camino existen ciudadanos comprometidos con la seguridad y bienestar de las familias del municipio, por lo que inst\u00f3 a participar en esta convocatoria, para que juntas y juntos logremos el objetivo de imperar la seguridad por sobre cualquier cosa.<\/p>\n<div class=\"twitter-tweet\">\n<blockquote class=\"twitter-tweet\" data-lang=\"es\">\n<p lang=\"es\" dir=\"ltr\">\u00a1Atenci\u00f3n! Forma parte de la Direcci\u00f3n de Seguridad P\u00fablica y Polic\u00eda Vial de <a href=\"https:\/\/twitter.com\/hashtag\/SantaLuc%C3%ADaDelCamino?src=hash&amp;ref_src=twsrc%5Etfw\">#SantaLuc\u00edaDelCamino<\/a>. \u00a1Necesitamos mujeres y hombres con alto honor para servir al pueblo!<br \/>Ingresa al siguiente enlace y consulta las bases: <a href=\"https:\/\/t.co\/nTc0tZVIoy\">https:\/\/t.co\/nTc0tZVIoy<\/a><a href=\"https:\/\/twitter.com\/hashtag\/HonestidadTrabajoBienestar?src=hash&amp;ref_src=twsrc%5Etfw\">#HonestidadTrabajoBienestar<\/a> <a href=\"https:\/\/twitter.com\/hashtag\/2doA%C3%B1o?src=hash&amp;ref_src=twsrc%5Etfw\">#2doA\u00f1o<\/a> <a href=\"https:\/\/t.co\/4OUjtFZEuY\">pic.twitter.com\/4OUjtFZEuY<\/a><\/p>\n<p>&mdash; Juan Carlos Garc\u00eda M\u00e1rquez (@JC_GMarquez) <a href=\"https:\/\/twitter.com\/JC_GMarquez\/status\/1645830266374737921?ref_src=twsrc%5Etfw\">11 de abril de 2023<\/a><\/p><\/blockquote>\n<\/div>\n","protected":false},"excerpt":{"rendered":"<p>Redacci\u00f3n\/Zona Roja. Oaxaca de Ju\u00e1rez, Oax., a 12 de abril de 2023.- Como parte de&hellip;<\/p>\n","protected":false},"author":2,"featured_media":39459,"comment_status":"closed","ping_status":"open","sticky":false,"template":"","format":"standard","meta":{"_lmt_disableupdate":"","_lmt_disable":"","_jetpack_memberships_contains_paid_content":false,"footnotes":""},"categories":[109,46],"tags":[337],"class_list":["post-53918","post","type-post","status-publish","format-standard","has-post-thumbnail","hentry","category-minuto-a-minuto","category-zona-blanca","tag-santa-lucia-del-camino"],"jetpack_featured_media_url":"https:\/\/zonaroja.com.mx\/wp-content\/uploads\/2022\/04\/Policia-municipal-Santa-Lucia.jpg","jetpack_sharing_enabled":true,"_links":{"self":[{"href":"https:\/\/zonaroja.com.mx\/index.php?rest_route=\/wp\/v2\/posts\/53918","targetHints":{"allow":["GET"]}}],"collection":[{"href":"https:\/\/zonaroja.com.mx\/index.php?rest_route=\/wp\/v2\/posts"}],"about":[{"href":"https:\/\/zonaroja.com.mx\/index.php?rest_route=\/wp\/v2\/types\/post"}],"author":[{"embeddable":true,"href":"https:\/\/zonaroja.com.mx\/index.php?rest_route=\/wp\/v2\/users\/2"}],"replies":[{"embeddable":true,"href":"https:\/\/zonaroja.com.mx\/index.php?rest_route=%2Fwp%2Fv2%2Fcomments&post=53918"}],"version-history":[{"count":2,"href":"https:\/\/zonaroja.com.mx\/index.php?rest_route=\/wp\/v2\/posts\/53918\/revisions"}],"predecessor-version":[{"id":53941,"href":"https:\/\/zonaroja.com.mx\/index.php?rest_route=\/wp\/v2\/posts\/53918\/revisions\/53941"}],"wp:featuredmedia":[{"embeddable":true,"href":"https:\/\/zonaroja.com.mx\/index.php?rest_route=\/wp\/v2\/media\/39459"}],"wp:attachment":[{"href":"https:\/\/zonaroja.com.mx\/index.php?rest_route=%2Fwp%2Fv2%2Fmedia&parent=53918"}],"wp:term":[{"taxonomy":"category","embeddable":true,"href":"https:\/\/zonaroja.com.mx\/index.php?rest_route=%2Fwp%2Fv2%2Fcategories&post=53918"},{"taxonomy":"post_tag","embeddable":true,"href":"https:\/\/zonaroja.com.mx\/index.php?rest_route=%2Fwp%2Fv2%2Ftags&post=53918"}],"curies":[{"name":"wp","href":"https:\/\/api.w.org\/{rel}","templated":true}]}}