{"id":53920,"date":"2023-04-12T12:30:32","date_gmt":"2023-04-12T17:30:32","guid":{"rendered":"http:\/\/www.zonaroja.com.mx\/?p=53920"},"modified":"2023-04-12T17:39:50","modified_gmt":"2023-04-12T22:39:50","slug":"53920","status":"publish","type":"post","link":"https:\/\/zonaroja.com.mx\/?p=53920","title":{"rendered":"Piden a la India detener y procesa al Dal\u00e1i Lama por \u201cabuso infantil\u201d"},"content":{"rendered":"<p>Redacci\u00f3n\/Zona Roja Cdmx.<\/p>\n<p>Ciudad de M\u00e9xico, a 12 de abril de 2023.- El partido opositor sudafricano Luchadores por la Libertad Econ\u00f3mica (EFF) pidi\u00f3 hoy a la India la detenci\u00f3n y el procesamiento del Dal\u00e1i Lama por \u201cabuso infantil\u201d tras la pol\u00e9mica desatada por un video difundido en las redes sociales en el que el l\u00edder budista pide a un ni\u00f1o que \u201cchupe su lengua\u201d durante un evento.<\/p>\n<p>\u201cLa pat\u00e9tica disculpa publicada (&#8230;) por la oficina del Dal\u00e1i Lama debe ser rechazada con condenaci\u00f3n. El abuso infantil no puede ser disculpado\u201d, dijo la formaci\u00f3n de izquierda radical, tercera fuerza pol\u00edtica de Sud\u00e1frica, en un comunicado difundido este martes a trav\u00e9s de la red social Twitter.<\/p>\n<p>Las im\u00e1genes, que se viralizaron en las redes sociales, muestran al Dal\u00e1i Lama besando al menor en los labios durante un acto y en presencia de otros adultos, y, a continuaci\u00f3n, pregunt\u00e1ndole si le puede \u00abchupar\u00bb su lengua.<\/p>\n<p>Segundos despu\u00e9s, el l\u00edder espiritual tibetano se\u00f1ala su boca y saca la lengua.<\/p>\n<p>Tras la controversia desatada, la oficina del D\u00e1lai Lama expres\u00f3 el lunes en un comunicado sus \u201cdisculpas al ni\u00f1o y a su familia, as\u00ed como a sus muchos amigos de todo el mundo, por el da\u00f1o que sus palabras han causado\u201d.<\/p>\n<p>Asimismo, argument\u00f3 que \u201csu santidad a menudo toma el pelo a las personas que conoce de forma inocente y traviesa, incluso en p\u00fablico y ante las c\u00e1maras\u201d.<\/p>\n<p>Sin embargo, para EFF \u201ces revelador que la disculpa se emitiera casi un mes despu\u00e9s del deplorable incidente y s\u00f3lo tras el aumento de la presi\u00f3n por parte de activistas contra el abuso infantil\u201d.<\/p>\n<p>Seg\u00fan el partido, \u201cse supone que los l\u00edderes religiosos deben ser protectores, no abusadores de los m\u00e1s vulnerables en la sociedad\u201d, de modo que \u201cla ley no debe perdonar a ning\u00fan l\u00edder religioso que cometa actos abusivos\u201d.<\/p>\n<p>El actual Dal\u00e1i Lama huy\u00f3 junto a miles de compatriotas a la India a principios de 1959 tras la dura represi\u00f3n china contra el fallido levantamiento popular de Lhasa, capital del T\u00edbet.<\/p>\n<p>Desde entonces, continu\u00f3 la lucha por la libertad de su pueblo, aunque siempre \u201coponi\u00e9ndose sistem\u00e1ticamente a la violencia\u201d, motivo por el cual le fue concedido el Nobel de la Paz en 1989.<\/p>\n<p>El l\u00edder religioso tibetano naci\u00f3 el 6 de julio de 1935 en Taktser, en el T\u00edbet oriental, donde a los cuatro a\u00f1os de edad se convirti\u00f3 en cabeza espiritual de su pueblo al ser reconocido como la reencarnaci\u00f3n de su predecesor.<\/p>\n<p>(Informaci\u00f3n de la agencia EFE)<\/p>\n","protected":false},"excerpt":{"rendered":"<p>Redacci\u00f3n\/Zona Roja Cdmx. Ciudad de M\u00e9xico, a 12 de abril de 2023.- El partido opositor&hellip;<\/p>\n","protected":false},"author":2,"featured_media":53921,"comment_status":"closed","ping_status":"open","sticky":false,"template":"","format":"standard","meta":{"_lmt_disableupdate":"","_lmt_disable":"","_jetpack_memberships_contains_paid_content":false,"footnotes":""},"categories":[109,47],"tags":[3501],"class_list":["post-53920","post","type-post","status-publish","format-standard","has-post-thumbnail","hentry","category-minuto-a-minuto","category-zona-gris","tag-dalai-lama"],"jetpack_featured_media_url":"https:\/\/zonaroja.com.mx\/wp-content\/uploads\/2023\/04\/Dalai-Lama-besa-a-nino.webp","jetpack_sharing_enabled":true,"_links":{"self":[{"href":"https:\/\/zonaroja.com.mx\/index.php?rest_route=\/wp\/v2\/posts\/53920","targetHints":{"allow":["GET"]}}],"collection":[{"href":"https:\/\/zonaroja.com.mx\/index.php?rest_route=\/wp\/v2\/posts"}],"about":[{"href":"https:\/\/zonaroja.com.mx\/index.php?rest_route=\/wp\/v2\/types\/post"}],"author":[{"embeddable":true,"href":"https:\/\/zonaroja.com.mx\/index.php?rest_route=\/wp\/v2\/users\/2"}],"replies":[{"embeddable":true,"href":"https:\/\/zonaroja.com.mx\/index.php?rest_route=%2Fwp%2Fv2%2Fcomments&post=53920"}],"version-history":[{"count":2,"href":"https:\/\/zonaroja.com.mx\/index.php?rest_route=\/wp\/v2\/posts\/53920\/revisions"}],"predecessor-version":[{"id":53943,"href":"https:\/\/zonaroja.com.mx\/index.php?rest_route=\/wp\/v2\/posts\/53920\/revisions\/53943"}],"wp:featuredmedia":[{"embeddable":true,"href":"https:\/\/zonaroja.com.mx\/index.php?rest_route=\/wp\/v2\/media\/53921"}],"wp:attachment":[{"href":"https:\/\/zonaroja.com.mx\/index.php?rest_route=%2Fwp%2Fv2%2Fmedia&parent=53920"}],"wp:term":[{"taxonomy":"category","embeddable":true,"href":"https:\/\/zonaroja.com.mx\/index.php?rest_route=%2Fwp%2Fv2%2Fcategories&post=53920"},{"taxonomy":"post_tag","embeddable":true,"href":"https:\/\/zonaroja.com.mx\/index.php?rest_route=%2Fwp%2Fv2%2Ftags&post=53920"}],"curies":[{"name":"wp","href":"https:\/\/api.w.org\/{rel}","templated":true}]}}