{"id":53925,"date":"2023-04-12T09:30:50","date_gmt":"2023-04-12T14:30:50","guid":{"rendered":"http:\/\/www.zonaroja.com.mx\/?p=53925"},"modified":"2023-04-12T10:36:28","modified_gmt":"2023-04-12T15:36:28","slug":"53925","status":"publish","type":"post","link":"https:\/\/zonaroja.com.mx\/?p=53925","title":{"rendered":"Inicia Derechos Humanos estatal queja de oficio tras denuncias contra Donato Vargas"},"content":{"rendered":"<p>Ismael Garc\u00eda M.\/Zona Roja.<\/p>\n<p>Oaxaca de Ju\u00e1rez, Oax., a 12 de abril de 2023.- Tras la denuncia de ayer por parte de v\u00edctimas y colectivos en contra del funcionario Donato Vargas Jim\u00e9nez, la Defensor\u00eda de los Derechos Humanos del Pueblo de Oaxaca (DDHPO) inici\u00f3 una queja<span class=\"Apple-converted-space\">&nbsp; <\/span>de oficio bajo el n\u00famero DDHPO\/CA\/0144\/(01)\/OAX\/2023.<\/p>\n<p>Y es que ayer, en conferencia de prensa en el z\u00f3calo de la capital, quienes han sufrido violencia sexual, digital, f\u00edsica y familiar por parte del coordinador de Delegados de Gobierno, denunciaron que s\u00ed hay dos denuncias penales interpuestas ante la Fiscal\u00eda General del Estado.<\/p>\n<p>Incluso presentaron m\u00faltiples evidencias fotogr\u00e1ficas de los delitos que aseguran se cometieron en contra de ellas, pese a lo cual el gobernador Salom\u00f3n Jara Cruz mantiene a Donato Vargas en el cargo.<\/p>\n<p>Anoche, a trav\u00e9s de sus redes sociales, la Defensor\u00eda inform\u00f3 que derivado de la denuncia p\u00fablica de organizaciones feministas, abri\u00f3 una queja de oficio por presuntas violaciones a derechos humanos cometidas<span class=\"Apple-converted-space\">&nbsp; <\/span>en agravio de su ex pareja A.C. J. y de S.D.<span class=\"Apple-converted-space\">&nbsp;<\/span><\/p>\n<p>Adem\u00e1s, hizo un un llamado a la Fiscal\u00eda General del Estado \u201ca investigar los hechos y actuar con la mayor diligencia, con la finalidad de erradicar pr\u00e1cticas que agravien a las mujeres\u201d.<span class=\"Apple-converted-space\">&nbsp;<\/span><\/p>\n<p>El organismo, que preside Elizabeth Lara, inform\u00f3 que la instituci\u00f3n dar\u00e1 puntual seguimiento y acompa\u00f1amiento a las v\u00edctimas.<br \/>\nMartha Aracely Cruz Jim\u00e9nez, ex pareja del funcionario, ha presentado una denuncia ante la Fiscal\u00eda por violencia familiar; adem\u00e1s, evidenci\u00f3 que ante los golpes recibidos por su agresor perdi\u00f3 a su beb\u00e9 de 26 semanas de gestaci\u00f3n, por lo que tambi\u00e9n incurrir\u00eda en el delito de homicidio.<\/p>\n<p>Sandra Dom\u00ednguez, v\u00edctima del chat de WhatsApp, evidenci\u00f3 en marzo pasado la existencia de otro grupo mis\u00f3gino denominado \u201cMega peda\u201d, tras la aparici\u00f3n del chat \u201cSierra XXX\u201d, en el a\u00f1o 2020.<\/p>\n","protected":false},"excerpt":{"rendered":"<p>Ismael Garc\u00eda M.\/Zona Roja. Oaxaca de Ju\u00e1rez, Oax., a 12 de abril de 2023.- Tras&hellip;<\/p>\n","protected":false},"author":2,"featured_media":53926,"comment_status":"closed","ping_status":"open","sticky":false,"template":"","format":"standard","meta":{"_lmt_disableupdate":"","_lmt_disable":"","_jetpack_memberships_contains_paid_content":false,"footnotes":""},"categories":[109,47],"tags":[286,3502],"class_list":["post-53925","post","type-post","status-publish","format-standard","has-post-thumbnail","hentry","category-minuto-a-minuto","category-zona-gris","tag-defensoria-de-los-derechos-humanos-del-pueblo-de-oaxaca","tag-donato-vargas-jimenez"],"jetpack_featured_media_url":"https:\/\/zonaroja.com.mx\/wp-content\/uploads\/2023\/04\/Denuncia-feministas-Consorcio-Donato-Vargas.jpg","jetpack_sharing_enabled":true,"_links":{"self":[{"href":"https:\/\/zonaroja.com.mx\/index.php?rest_route=\/wp\/v2\/posts\/53925","targetHints":{"allow":["GET"]}}],"collection":[{"href":"https:\/\/zonaroja.com.mx\/index.php?rest_route=\/wp\/v2\/posts"}],"about":[{"href":"https:\/\/zonaroja.com.mx\/index.php?rest_route=\/wp\/v2\/types\/post"}],"author":[{"embeddable":true,"href":"https:\/\/zonaroja.com.mx\/index.php?rest_route=\/wp\/v2\/users\/2"}],"replies":[{"embeddable":true,"href":"https:\/\/zonaroja.com.mx\/index.php?rest_route=%2Fwp%2Fv2%2Fcomments&post=53925"}],"version-history":[{"count":2,"href":"https:\/\/zonaroja.com.mx\/index.php?rest_route=\/wp\/v2\/posts\/53925\/revisions"}],"predecessor-version":[{"id":53938,"href":"https:\/\/zonaroja.com.mx\/index.php?rest_route=\/wp\/v2\/posts\/53925\/revisions\/53938"}],"wp:featuredmedia":[{"embeddable":true,"href":"https:\/\/zonaroja.com.mx\/index.php?rest_route=\/wp\/v2\/media\/53926"}],"wp:attachment":[{"href":"https:\/\/zonaroja.com.mx\/index.php?rest_route=%2Fwp%2Fv2%2Fmedia&parent=53925"}],"wp:term":[{"taxonomy":"category","embeddable":true,"href":"https:\/\/zonaroja.com.mx\/index.php?rest_route=%2Fwp%2Fv2%2Fcategories&post=53925"},{"taxonomy":"post_tag","embeddable":true,"href":"https:\/\/zonaroja.com.mx\/index.php?rest_route=%2Fwp%2Fv2%2Ftags&post=53925"}],"curies":[{"name":"wp","href":"https:\/\/api.w.org\/{rel}","templated":true}]}}