{"id":53928,"date":"2023-04-12T10:30:23","date_gmt":"2023-04-12T15:30:23","guid":{"rendered":"http:\/\/www.zonaroja.com.mx\/?p=53928"},"modified":"2023-04-12T14:28:54","modified_gmt":"2023-04-12T19:28:54","slug":"53928","status":"publish","type":"post","link":"https:\/\/zonaroja.com.mx\/?p=53928","title":{"rendered":"Confirma la Fiscal\u00eda de Oaxaca que se investiga a Donato Vargas"},"content":{"rendered":"<p>Redacci\u00f3n\/Oaxaca Capital.<\/p>\n<p>Oaxaca de Ju\u00e1rez, Oax., a 12 de abril de 2023.- El fiscal General del Estado, Bernardo Rodr\u00edguez Alamilla confirm\u00f3 que se inici\u00f3 una carpeta de investigaci\u00f3n en contra de Donato Vargas Jim\u00e9nez, coordinador de Delegados de Paz de la Secretar\u00eda de Gobierno (Sego), por los delitos de violencia en raz\u00f3n de g\u00e9nero.<\/p>\n<p>En entrevista, detall\u00f3 que ya integraron las carpetas y se encuentran en proceso de indagatoria, no obstante, al ser cuestionado si es necesario la separaci\u00f3n del cargo del funcionario, sostuvo que la dependencia que \u00e9l encabeza \u00fanicamente le compete judicializar el caso.<\/p>\n<p>Y es que este martes la ex pareja sentimental de Donato Vargas Jim\u00e9nez, Aracely Cruz Jim\u00e9nez, as\u00ed como Sandra Dom\u00ednguez, una mujer que fue exhibida en el 2020 en un chat pornogr\u00e1fico donde el actual funcionario morenista era participante, detallaron c\u00f3mo ha sido la violencia y hostigamiento que han sufrido.<\/p>\n<p>Arropadas por Consorcio Oaxaca, las mujeres se\u00f1alaron que han hecho llegar al gobernador Salom\u00f3n Jara la carpeta de investigaci\u00f3n as\u00ed como lo pidi\u00f3 en una de sus conferencias semanales.<\/p>\n<p>Sin embargo, hasta el momento el gobierno estatal no ha emitido ning\u00fan comunicado, en donde especifique si el funcionario ser\u00e1 o no separado de su cargo.<\/p>\n<p>(Nota de Nere Gonz\u00e1lez)<\/p>\n<div class=\"twitter-tweet\">\n<blockquote class=\"twitter-tweet\" data-lang=\"es\">\n<p lang=\"es\" dir=\"ltr\">En entrevista colectiva, el titular de la <a href=\"https:\/\/twitter.com\/FISCALIA_GobOax?ref_src=twsrc%5Etfw\">@FISCALIA_GobOax<\/a>, <a href=\"https:\/\/twitter.com\/FiscalOaxaca?ref_src=twsrc%5Etfw\">@FiscalOaxaca<\/a>, confirm\u00f3 qu\u00e9 hay carpetas de investigaci\u00f3n abiertas por denuncias contra Donato Vargas y est\u00e1n en proceso las indagatorias.<br \/>En esta caso y en la muerte violenta de mujeres, no habr\u00e1 impunidad, dijo. <a href=\"https:\/\/t.co\/tjNh6YIdsr\">pic.twitter.com\/tjNh6YIdsr<\/a><\/p>\n<p>&mdash; Zona Roja Oaxaca (@ZonaRoja_Oaxaca) <a href=\"https:\/\/twitter.com\/ZonaRoja_Oaxaca\/status\/1645916255411396617?ref_src=twsrc%5Etfw\">11 de abril de 2023<\/a><\/p><\/blockquote>\n<\/div>\n","protected":false},"excerpt":{"rendered":"<p>Redacci\u00f3n\/Oaxaca Capital. Oaxaca de Ju\u00e1rez, Oax., a 12 de abril de 2023.- El fiscal General&hellip;<\/p>\n","protected":false},"author":2,"featured_media":53930,"comment_status":"closed","ping_status":"open","sticky":false,"template":"","format":"standard","meta":{"_lmt_disableupdate":"","_lmt_disable":"","_jetpack_memberships_contains_paid_content":false,"footnotes":""},"categories":[109,46],"tags":[1262],"class_list":["post-53928","post","type-post","status-publish","format-standard","has-post-thumbnail","hentry","category-minuto-a-minuto","category-zona-blanca","tag-bernardo-rodriguez-alamilla"],"jetpack_featured_media_url":"https:\/\/zonaroja.com.mx\/wp-content\/uploads\/2023\/04\/Bernardo-Rodriguez-Alamilla.jpeg","jetpack_sharing_enabled":true,"_links":{"self":[{"href":"https:\/\/zonaroja.com.mx\/index.php?rest_route=\/wp\/v2\/posts\/53928","targetHints":{"allow":["GET"]}}],"collection":[{"href":"https:\/\/zonaroja.com.mx\/index.php?rest_route=\/wp\/v2\/posts"}],"about":[{"href":"https:\/\/zonaroja.com.mx\/index.php?rest_route=\/wp\/v2\/types\/post"}],"author":[{"embeddable":true,"href":"https:\/\/zonaroja.com.mx\/index.php?rest_route=\/wp\/v2\/users\/2"}],"replies":[{"embeddable":true,"href":"https:\/\/zonaroja.com.mx\/index.php?rest_route=%2Fwp%2Fv2%2Fcomments&post=53928"}],"version-history":[{"count":4,"href":"https:\/\/zonaroja.com.mx\/index.php?rest_route=\/wp\/v2\/posts\/53928\/revisions"}],"predecessor-version":[{"id":53940,"href":"https:\/\/zonaroja.com.mx\/index.php?rest_route=\/wp\/v2\/posts\/53928\/revisions\/53940"}],"wp:featuredmedia":[{"embeddable":true,"href":"https:\/\/zonaroja.com.mx\/index.php?rest_route=\/wp\/v2\/media\/53930"}],"wp:attachment":[{"href":"https:\/\/zonaroja.com.mx\/index.php?rest_route=%2Fwp%2Fv2%2Fmedia&parent=53928"}],"wp:term":[{"taxonomy":"category","embeddable":true,"href":"https:\/\/zonaroja.com.mx\/index.php?rest_route=%2Fwp%2Fv2%2Fcategories&post=53928"},{"taxonomy":"post_tag","embeddable":true,"href":"https:\/\/zonaroja.com.mx\/index.php?rest_route=%2Fwp%2Fv2%2Ftags&post=53928"}],"curies":[{"name":"wp","href":"https:\/\/api.w.org\/{rel}","templated":true}]}}