{"id":5393,"date":"2019-11-03T20:15:33","date_gmt":"2019-11-04T02:15:33","guid":{"rendered":"http:\/\/www.zonaroja.com.mx\/?p=5393"},"modified":"2019-11-03T20:33:01","modified_gmt":"2019-11-04T02:33:01","slug":"llega-titular-de-la-sspo-a-la-cuenca-y-se-desata-balacera-con-saldo-de-un-herido","status":"publish","type":"post","link":"https:\/\/zonaroja.com.mx\/?p=5393","title":{"rendered":"Llega titular de la SSPO a la Cuenca\u2026 y se desata balacera con saldo de un herido"},"content":{"rendered":"\n<p>Redacci\u00f3n\/Zona\nRoja.<\/p>\n\n\n\n<p>Oaxaca de\nJu\u00e1rez, Oax., 3 de noviembre de 2019.- En su cuarta visita a San Juan Bautista\nTuxtepec, el titular de la Secretar\u00eda de Seguridad P\u00fablica de Oaxaca (SSPO),\nRa\u00fal Ernesto Salcedo, fue recibido en el marco de un ataque armado con el saldo\nde una persona lesionada.<\/p>\n\n\n\n<p>La agresi\u00f3n por\nparte de al menos dos individuos se suscit\u00f3 la tarde de este domingo en la\ncalle Santos Degollado de la colonia La Piragua, donde se han suscitado\ndiversos hechos violentos.<\/p>\n\n\n\n<p>La v\u00edctima fue\nidentificada como C\u00e9sar Cueto, de oficio taxista, quien recibi\u00f3 dos disparos en\nel abdomen, por lo cual fue trasladado a un hospital.<\/p>\n\n\n\n<p>Mientras tanto, resguardado por una decena de elementos de seguridad, el titular de la SSPO arrib\u00f3 a Tuxtepec, donde se prev\u00e9 permanecer\u00e1 durante tres d\u00edas para definir, por en\u00e9sima ocasi\u00f3n, estrategias de seguridad. En su primer d\u00eda recorri\u00f3 el reclusorio regional.<\/p>\n\n\n\n<figure class=\"wp-block-embed-twitter wp-block-embed is-type-rich is-provider-twitter\"><div class=\"wp-block-embed__wrapper\">\n<div class=\"twitter-tweet\"><blockquote class=\"twitter-tweet\" data-lang=\"es\"><p lang=\"es\" dir=\"ltr\">Realizamos recorrido de supervisi\u00f3n en el Centro Penitenciario de San Juan Bautista <a href=\"https:\/\/twitter.com\/hashtag\/Tuxtepec?src=hash&amp;ref_src=twsrc%5Etfw\">#Tuxtepec<\/a>. Trabajamos para garantizar el respeto a los derechos humanos de las Personas Privadas de Libertad (PPL) y, una efectiva reinserci\u00f3n social. <a href=\"https:\/\/twitter.com\/hashtag\/Oaxaca?src=hash&amp;ref_src=twsrc%5Etfw\">#Oaxaca<\/a> <a href=\"https:\/\/twitter.com\/alejandromurat?ref_src=twsrc%5Etfw\">@alejandromurat<\/a> <a href=\"https:\/\/twitter.com\/GobOax?ref_src=twsrc%5Etfw\">@GobOax<\/a> <a href=\"https:\/\/t.co\/1eDFeBAiEk\">pic.twitter.com\/1eDFeBAiEk<\/a><\/p>&mdash; Sr\u00eda. Seg. P\u00fab. Oax. (@SSP_GobOax) <a href=\"https:\/\/twitter.com\/SSP_GobOax\/status\/1191024665319419904?ref_src=twsrc%5Etfw\">3 de noviembre de 2019<\/a><\/blockquote><\/div>\n<\/div><\/figure>\n\n\n\n<p>En su m\u00e1s\nreciente visita, alarde\u00f3 con empresarios y autoridades municipales que su\nesquema de \u201cCuadrante seguro\u201d era la panacea y en pocas semanas habr\u00eda\nresultados; sin embargo, pr\u00e1cticamente todos los d\u00edas hay asesinatos y en este\na\u00f1o del gobierno de Fernando Bautista D\u00e1vila suman 105 personas asesinadas.<\/p>\n","protected":false},"excerpt":{"rendered":"<p>Redacci\u00f3n\/Zona Roja. Oaxaca de Ju\u00e1rez, Oax., 3 de noviembre de 2019.- En su cuarta visita&hellip;<\/p>\n","protected":false},"author":2,"featured_media":2597,"comment_status":"closed","ping_status":"open","sticky":false,"template":"","format":"standard","meta":{"_lmt_disableupdate":"","_lmt_disable":"","_jetpack_memberships_contains_paid_content":false,"footnotes":""},"categories":[109,51],"tags":[231,118],"class_list":["post-5393","post","type-post","status-publish","format-standard","has-post-thumbnail","hentry","category-minuto-a-minuto","category-zona-roja","tag-raul-ernesto-salcedo-rosales","tag-san-juan-bautista-tuxtepec"],"jetpack_featured_media_url":"https:\/\/zonaroja.com.mx\/wp-content\/uploads\/2019\/07\/Tuxtepec3-1.jpg","jetpack_sharing_enabled":true,"_links":{"self":[{"href":"https:\/\/zonaroja.com.mx\/index.php?rest_route=\/wp\/v2\/posts\/5393","targetHints":{"allow":["GET"]}}],"collection":[{"href":"https:\/\/zonaroja.com.mx\/index.php?rest_route=\/wp\/v2\/posts"}],"about":[{"href":"https:\/\/zonaroja.com.mx\/index.php?rest_route=\/wp\/v2\/types\/post"}],"author":[{"embeddable":true,"href":"https:\/\/zonaroja.com.mx\/index.php?rest_route=\/wp\/v2\/users\/2"}],"replies":[{"embeddable":true,"href":"https:\/\/zonaroja.com.mx\/index.php?rest_route=%2Fwp%2Fv2%2Fcomments&post=5393"}],"version-history":[{"count":2,"href":"https:\/\/zonaroja.com.mx\/index.php?rest_route=\/wp\/v2\/posts\/5393\/revisions"}],"predecessor-version":[{"id":5396,"href":"https:\/\/zonaroja.com.mx\/index.php?rest_route=\/wp\/v2\/posts\/5393\/revisions\/5396"}],"wp:featuredmedia":[{"embeddable":true,"href":"https:\/\/zonaroja.com.mx\/index.php?rest_route=\/wp\/v2\/media\/2597"}],"wp:attachment":[{"href":"https:\/\/zonaroja.com.mx\/index.php?rest_route=%2Fwp%2Fv2%2Fmedia&parent=5393"}],"wp:term":[{"taxonomy":"category","embeddable":true,"href":"https:\/\/zonaroja.com.mx\/index.php?rest_route=%2Fwp%2Fv2%2Fcategories&post=5393"},{"taxonomy":"post_tag","embeddable":true,"href":"https:\/\/zonaroja.com.mx\/index.php?rest_route=%2Fwp%2Fv2%2Ftags&post=5393"}],"curies":[{"name":"wp","href":"https:\/\/api.w.org\/{rel}","templated":true}]}}