{"id":53933,"date":"2023-04-12T09:24:03","date_gmt":"2023-04-12T14:24:03","guid":{"rendered":"http:\/\/www.zonaroja.com.mx\/?p=53933"},"modified":"2023-04-12T12:25:26","modified_gmt":"2023-04-12T17:25:26","slug":"53933","status":"publish","type":"post","link":"https:\/\/zonaroja.com.mx\/?p=53933","title":{"rendered":"El horror de la violencia: seis ejecutados en Veracruz, entre ellos dos ni\u00f1os y dos mujeres"},"content":{"rendered":"<p>Redacci\u00f3n\/Zona Roja Cdmx.<\/p>\n<p>Ciudad de M\u00e9xico, a 12 de abril de 2023.- Cuatro integrantes de una familia, entre ellos dos menores, fueron asesinados en una vivienda del poblado de Acontitla, municipio de Tihuatl\u00e1n, en el norte de Veracruz.<\/p>\n<p>El ataque fue cometido la tarde del martes, cuando sujetos armados arribaron al domicilio y abrieron fuego contra los moradores.<\/p>\n<p>Aunque las v\u00edctimas no han sido identificadas, cuerpos de auxilio se\u00f1alaron que se trata de dos mujeres, un ni\u00f1o y una ni\u00f1a.<\/p>\n<p>Vecinos relataron que tras escuchar los disparos vieron salir de la casa a los agresores.<\/p>\n<p>Horas despu\u00e9s del homicidio m\u00faltiple, en el mismo municipio, la polic\u00eda estatal inform\u00f3 que luego de recibir un reporte al 911, localiz\u00f3 cuatro bolsas negras de pl\u00e1stico con restos humanos en la colonia Independencia.<\/p>\n<p>Agentes de la polic\u00eda ministerial las recogieron y trasladaron al Servicio M\u00e9dico Forense de Poza Rica.<\/p>\n<p>La Fiscal\u00eda de Veracruz indic\u00f3 que tanto la masacre familiar como el hallazgo de los dos cuerpos embolsados \u201capuntan a un probable ajuste de cuentas entre grupos rivales de la delincuencia organizada\u201d.<\/p>\n<p>EN ZACATECAS<\/p>\n<p>En Zacatecas, presuntos delincuentes en un convoy interceptaron a elementos de la Guardia Nacional cuando circulaban en dos patrullas por el tramo Sa\u00edn Alto-Sombrerete de la carretera federal n\u00famero 45.<\/p>\n<p>Los oficiales repelieron la agresi\u00f3n y se produjo un enfrentamiento a la altura de la Curva del Gato, en las inmediaciones de la comunidad Felipe Carrillo Puerto, tambi\u00e9n conocida como El Arenal.<\/p>\n<p>Al menos dos efectivos federales resultaron heridos, uno en la cabeza, y fue trasladado en helic\u00f3ptero a un hospital.<\/p>\n<p>Fuentes gubernamentales informaron que los pistoleros atacaron en forma premeditada a los uniformados, a quienes superaban en n\u00famero, con el prop\u00f3sito de liberar y llevarse a la sierra a una persona a quien hab\u00edan detenido.<\/p>\n<p>Tras la liberaci\u00f3n del desconocido, se busc\u00f3 a los delincuentes en los alrededores de la ciudad de Sombrerete, con el apoyo de un helic\u00f3ptero de la Guardia Nacional.<\/p>\n<p>Decenas de automovilistas y transportistas quedaron varados en ese tramo carretero, ya que los pistoleros arrojaron ponchallantas para evitar una persecuci\u00f3n.<\/p>\n<p>Manuel Murillo, edil de Sombrerete, llam\u00f3 en redes sociales a la poblaci\u00f3n a evitar circular por esa carretera y confirm\u00f3 que \u201celementos de la Guardia Nacional fueron agredidos por integrantes de grupos delincuenciales\u201d.<\/p>\n<p>Tambi\u00e9n ayer, en las colonias Del Sol y Felipe \u00c1ngeles, de la ciudad de Fresnillo, ocurri\u00f3 otra confrontaci\u00f3n entre presuntos integrantes de la delincuencia organizada y agentes de la Guardia Nacional. Un pistolero fue abatido.<\/p>\n<p>En Monte Escobedo, autoridades dieron a conocer que dos grupos de hombres armados \u2013presuntos integrantes de grupos antag\u00f3nicos\u2013 se enfrentaron en las inmediaciones de la comunidad Laguna Seca.<\/p>\n<p>EN COLIMA<\/p>\n<p>En Colima, una mujer polic\u00eda y otras tres personas fueron ultimadas en ataques cometidos en los municipios de Manzanillo, Colima, Villa de \u00c1lvarez y Coquimatl\u00e1n. Con este crimen, suman siete agentes estatales asesinados en 2023.<\/p>\n<p>En Morelos, un hombre fue ejecutado en la colonia Tetecolala del municipio de Tepoztl\u00e1n, informaron fuentes policiacas.<\/p>\n<p>En el municipio mexiquense de Naucalpan, un hombre fue baleado fuera de su domicilio, en la colonia San Lorenzo Totolinga, y en un paraje de Los Cipreses, autoridades localizaron un cad\u00e1ver calcinado.<\/p>\n<p>(Informaci\u00f3n de \u201cLa Jornada\u201d)<\/p>\n","protected":false},"excerpt":{"rendered":"<p>Redacci\u00f3n\/Zona Roja Cdmx. Ciudad de M\u00e9xico, a 12 de abril de 2023.- Cuatro integrantes de&hellip;<\/p>\n","protected":false},"author":2,"featured_media":50335,"comment_status":"closed","ping_status":"open","sticky":false,"template":"","format":"standard","meta":{"_lmt_disableupdate":"","_lmt_disable":"","_jetpack_memberships_contains_paid_content":false,"footnotes":""},"categories":[109,51],"tags":[1746],"class_list":["post-53933","post","type-post","status-publish","format-standard","has-post-thumbnail","hentry","category-minuto-a-minuto","category-zona-roja","tag-violencia-en-mexico"],"jetpack_featured_media_url":"https:\/\/zonaroja.com.mx\/wp-content\/uploads\/2023\/01\/Balazos-violencia-casquillos-escena.jpeg","jetpack_sharing_enabled":true,"_links":{"self":[{"href":"https:\/\/zonaroja.com.mx\/index.php?rest_route=\/wp\/v2\/posts\/53933","targetHints":{"allow":["GET"]}}],"collection":[{"href":"https:\/\/zonaroja.com.mx\/index.php?rest_route=\/wp\/v2\/posts"}],"about":[{"href":"https:\/\/zonaroja.com.mx\/index.php?rest_route=\/wp\/v2\/types\/post"}],"author":[{"embeddable":true,"href":"https:\/\/zonaroja.com.mx\/index.php?rest_route=\/wp\/v2\/users\/2"}],"replies":[{"embeddable":true,"href":"https:\/\/zonaroja.com.mx\/index.php?rest_route=%2Fwp%2Fv2%2Fcomments&post=53933"}],"version-history":[{"count":2,"href":"https:\/\/zonaroja.com.mx\/index.php?rest_route=\/wp\/v2\/posts\/53933\/revisions"}],"predecessor-version":[{"id":53939,"href":"https:\/\/zonaroja.com.mx\/index.php?rest_route=\/wp\/v2\/posts\/53933\/revisions\/53939"}],"wp:featuredmedia":[{"embeddable":true,"href":"https:\/\/zonaroja.com.mx\/index.php?rest_route=\/wp\/v2\/media\/50335"}],"wp:attachment":[{"href":"https:\/\/zonaroja.com.mx\/index.php?rest_route=%2Fwp%2Fv2%2Fmedia&parent=53933"}],"wp:term":[{"taxonomy":"category","embeddable":true,"href":"https:\/\/zonaroja.com.mx\/index.php?rest_route=%2Fwp%2Fv2%2Fcategories&post=53933"},{"taxonomy":"post_tag","embeddable":true,"href":"https:\/\/zonaroja.com.mx\/index.php?rest_route=%2Fwp%2Fv2%2Ftags&post=53933"}],"curies":[{"name":"wp","href":"https:\/\/api.w.org\/{rel}","templated":true}]}}