{"id":53935,"date":"2023-04-12T11:33:31","date_gmt":"2023-04-12T16:33:31","guid":{"rendered":"http:\/\/www.zonaroja.com.mx\/?p=53935"},"modified":"2023-04-12T16:32:33","modified_gmt":"2023-04-12T21:32:33","slug":"53935","status":"publish","type":"post","link":"https:\/\/zonaroja.com.mx\/?p=53935","title":{"rendered":"Exigen que no sea liberado m\u00e9dico \u201cinfluyente\u201d que arroll\u00f3 a luchador oaxaque\u00f1o"},"content":{"rendered":"<p>Redacci\u00f3n\/Zona Roja.<\/p>\n<p>Oaxaca de Ju\u00e1rez, Oax., a 12 de abril de 2023.- Familiares del adolescente deportista de excelencia, Edson Benjam\u00edn Blasnich Pinacho, de 16 a\u00f1os de edad, pidieron a la Fiscal\u00eda General del Estado de Oaxaca que no deje en libertad al individuo que lo arroll\u00f3 la noche del pasado domingo y por lo cual se encuentra grave de salud.<\/p>\n<p>El percance ocurri\u00f3 la noche del pasado domingo, en la carretera a Santa Maria Atzompa, en que Jorge T. S., presuntamente en estado de ebriedad, atropell\u00f3 con su veh\u00edculo Ford Fiesta, color blanco, con placas de circulaci\u00f3n TLV4386.<\/p>\n<p>Tras ello fue detenido por elementos policiacos de Atzompa pero presuntamente no le hicieron los ex\u00e1menes toxicol\u00f3gicos, sino hasta el d\u00eda siguiente, por lo cual habr\u00edan incurrido en un delito.<\/p>\n<p>De los dos adolescentes atropellados, uno de ellos, Edson Benjam\u00edn, tiene traumatismo cr\u00e1neoencef\u00e1lico grave, con indicios de probable muerte cerebral.<\/p>\n<p>El m\u00e9dico Jorge T. S., presumi\u00f3 ser un hombre influyente en el Gobierno del Estado y que pagar\u00eda todos los da\u00f1os, incluyendo la motocicleta da\u00f1ada que arroll\u00f3.<\/p>\n<p>La Fiscal\u00eda General del Estado mantiene abierta la Carpeta de Investigaci\u00f3n n\u00famero 12396\/FVCE\/ OXACA\/2023, y el presunto culpable sigue detenido, pero los familiares del adolescente deportista temen que sea liberado.<\/p>\n<p>Edson Benjam\u00edn hab\u00eda conseguido su pase a los Juego Nacionales de la Conade 2023, en el macrorregional realizado en Oaxaca del 31 de marzo al 2 de abril y era promesa de medalla para el estado.<\/p>\n","protected":false},"excerpt":{"rendered":"<p>Redacci\u00f3n\/Zona Roja. Oaxaca de Ju\u00e1rez, Oax., a 12 de abril de 2023.- Familiares del adolescente&hellip;<\/p>\n","protected":false},"author":2,"featured_media":53936,"comment_status":"closed","ping_status":"open","sticky":false,"template":"","format":"standard","meta":{"_lmt_disableupdate":"","_lmt_disable":"","_jetpack_memberships_contains_paid_content":false,"footnotes":""},"categories":[109,47],"tags":[3503],"class_list":["post-53935","post","type-post","status-publish","format-standard","has-post-thumbnail","hentry","category-minuto-a-minuto","category-zona-gris","tag-edson-benjamin-blasnich-pinacho"],"jetpack_featured_media_url":"https:\/\/zonaroja.com.mx\/wp-content\/uploads\/2023\/04\/Joven-luchados-atropellado-Oaxaca.png","jetpack_sharing_enabled":true,"_links":{"self":[{"href":"https:\/\/zonaroja.com.mx\/index.php?rest_route=\/wp\/v2\/posts\/53935","targetHints":{"allow":["GET"]}}],"collection":[{"href":"https:\/\/zonaroja.com.mx\/index.php?rest_route=\/wp\/v2\/posts"}],"about":[{"href":"https:\/\/zonaroja.com.mx\/index.php?rest_route=\/wp\/v2\/types\/post"}],"author":[{"embeddable":true,"href":"https:\/\/zonaroja.com.mx\/index.php?rest_route=\/wp\/v2\/users\/2"}],"replies":[{"embeddable":true,"href":"https:\/\/zonaroja.com.mx\/index.php?rest_route=%2Fwp%2Fv2%2Fcomments&post=53935"}],"version-history":[{"count":2,"href":"https:\/\/zonaroja.com.mx\/index.php?rest_route=\/wp\/v2\/posts\/53935\/revisions"}],"predecessor-version":[{"id":53942,"href":"https:\/\/zonaroja.com.mx\/index.php?rest_route=\/wp\/v2\/posts\/53935\/revisions\/53942"}],"wp:featuredmedia":[{"embeddable":true,"href":"https:\/\/zonaroja.com.mx\/index.php?rest_route=\/wp\/v2\/media\/53936"}],"wp:attachment":[{"href":"https:\/\/zonaroja.com.mx\/index.php?rest_route=%2Fwp%2Fv2%2Fmedia&parent=53935"}],"wp:term":[{"taxonomy":"category","embeddable":true,"href":"https:\/\/zonaroja.com.mx\/index.php?rest_route=%2Fwp%2Fv2%2Fcategories&post=53935"},{"taxonomy":"post_tag","embeddable":true,"href":"https:\/\/zonaroja.com.mx\/index.php?rest_route=%2Fwp%2Fv2%2Ftags&post=53935"}],"curies":[{"name":"wp","href":"https:\/\/api.w.org\/{rel}","templated":true}]}}