{"id":53944,"date":"2023-04-12T19:31:35","date_gmt":"2023-04-13T00:31:35","guid":{"rendered":"http:\/\/www.zonaroja.com.mx\/?p=53944"},"modified":"2023-04-12T19:33:20","modified_gmt":"2023-04-13T00:33:20","slug":"53944","status":"publish","type":"post","link":"https:\/\/zonaroja.com.mx\/?p=53944","title":{"rendered":"Por fin, Congreso local reforma Constituci\u00f3n sobre l\u00edmites Oaxaca-Chiapas"},"content":{"rendered":"<p>Yuridiana Sosa\/Zona Roja.<\/p>\n<p>Oaxaca de Ju\u00e1rez, Oax., a 12 de abril de 2023.- Tras la constante exigencia del pueblo zoque de la zona Chimalapa de Oaxaca, el Congreso del Estado aprob\u00f3 hoy reformas a la Constituci\u00f3n Pol\u00edtica para el cumplimiento de la sentencia de la Suprema Corte de Justicia de la Naci\u00f3n (SCJN) sobre los l\u00edmites con el estado de Chiapas.<\/p>\n<p>Con 34 votos y en sesi\u00f3n extraordinaria, el pleno aval\u00f3 las modificaciones del p\u00e1rrafo s\u00e9ptimo del art\u00edculo 28 de la Constituci\u00f3n Pol\u00edtica del de Oaxaca, para dar cumplimiento a los resolutivos segundo y tercero de la controversia constitucional 121\/2012.<\/p>\n<p>La SCJN determin\u00f3 en marzo de 2022 que se deb\u00eda cumplir dentro de los 30 meses siguientes a la notificaci\u00f3n de estos puntos resolutivos a los Congresos de los estados de Oaxaca y Chiapas, y la sentencia fue publicada el 25 de marzo de 2022 en el Diario Oficial de la Federaci\u00f3n.<\/p>\n<p>La lucha por la defensa del territorio oaxaque\u00f1o fue una batalla de tres d\u00e9cadas por parte de los pueblos zoques de Oaxaca, quienes se vieron invadidos por habitantes del vecino estado con el apoyo de sus autoridades para apropiarse de las tierras.<\/p>\n<p>En la sesi\u00f3n estuvieron presentes&nbsp;una comisi\u00f3n de comuneros y pobladores de Santa Mar\u00eda y San Miguel Chimalapa.<\/p>\n<p>APROBACI\u00d3N<\/p>\n<p>El pleno de la 64 Legislatura de Oaxaca aprob\u00f3 que la l\u00ednea lim\u00edtrofe que debe regir entre los estados de Oaxaca y Chiapas partir\u00e1 de sur a norte e iniciar\u00e1 en la barra de Tonal\u00e1 a los 16 grados de latitud norte en direcci\u00f3n noroeste hasta el Cerro del Chilillo, de ah\u00ed con direcci\u00f3n noroeste hasta el Cerro de La Jineta y de ah\u00ed con rumbo noroeste hasta el Cerro de los Mart\u00ednez; cada uno con las especificaciones geogr\u00e1ficas.<\/p>\n<p>En transitorios, se aprob\u00f3 que el presente decreto entrar\u00e1 en vigor al d\u00eda siguiente de su publicaci\u00f3n del Peri\u00f3dico Oficial del gobierno de Oaxaca; en segundo punto, se autoriz\u00f3 al gobernador de Oaxaca la suscripci\u00f3n del convenio amistoso de l\u00edmites territoriales entre los estados de Chiapas y Oaxaca respecto a la parte sur del lindero interestatal a fin de reconocer los l\u00edmites actuales entre los municipios de San Pedro Tapanatepec y San Francisco del Mar en el estado de Oaxaca y los municipios de Arriaga y Tonal\u00e1 en Chiapas: y tercero, la publicaci\u00f3n en el &nbsp;Peri\u00f3dico Oficial de Oaxaca y la Gaceta Parlamentaria.<\/p>\n<div class=\"twitter-tweet\">\n<blockquote class=\"twitter-tweet\" data-lang=\"es\">\n<p lang=\"es\" dir=\"ltr\"><a href=\"https:\/\/twitter.com\/hashtag\/%C3%9AltimoMinuto?src=hash&amp;ref_src=twsrc%5Etfw\">#\u00daltimoMinuto<\/a> <br \/>Con 34 votos, el pleno del <a href=\"https:\/\/twitter.com\/CongresoOaxaca_?ref_src=twsrc%5Etfw\">@CongresoOaxaca_<\/a> aprob\u00f3 el dictamen de reforma constitucional mediante el cual se modifica el l\u00edmite de Oaxaca con Chiapas, para cumplir con la orden de la <a href=\"https:\/\/twitter.com\/SCJN?ref_src=twsrc%5Etfw\">@SCJN<\/a>.<br \/>Presentes, habitantes de los Chimalapas aplauden la determinaci\u00f3n. <a href=\"https:\/\/t.co\/GkJC0gXZ2S\">pic.twitter.com\/GkJC0gXZ2S<\/a><\/p>\n<p>&mdash; Zona Roja Oaxaca (@ZonaRoja_Oaxaca) <a href=\"https:\/\/twitter.com\/ZonaRoja_Oaxaca\/status\/1646286008558788615?ref_src=twsrc%5Etfw\">12 de abril de 2023<\/a><\/p><\/blockquote>\n<\/div>\n","protected":false},"excerpt":{"rendered":"<p>Yuridiana Sosa\/Zona Roja. Oaxaca de Ju\u00e1rez, Oax., a 12 de abril de 2023.- Tras la&hellip;<\/p>\n","protected":false},"author":2,"featured_media":53945,"comment_status":"closed","ping_status":"open","sticky":false,"template":"","format":"standard","meta":{"_lmt_disableupdate":"","_lmt_disable":"","_jetpack_memberships_contains_paid_content":false,"footnotes":""},"categories":[109,46],"tags":[2743],"class_list":["post-53944","post","type-post","status-publish","format-standard","has-post-thumbnail","hentry","category-minuto-a-minuto","category-zona-blanca","tag-65-legislatura-del-estado-de-oaxaca"],"jetpack_featured_media_url":"https:\/\/zonaroja.com.mx\/wp-content\/uploads\/2023\/04\/Sesion-Congreso-Oaxaca-caso-Chimalapas.jpg","jetpack_sharing_enabled":true,"_links":{"self":[{"href":"https:\/\/zonaroja.com.mx\/index.php?rest_route=\/wp\/v2\/posts\/53944","targetHints":{"allow":["GET"]}}],"collection":[{"href":"https:\/\/zonaroja.com.mx\/index.php?rest_route=\/wp\/v2\/posts"}],"about":[{"href":"https:\/\/zonaroja.com.mx\/index.php?rest_route=\/wp\/v2\/types\/post"}],"author":[{"embeddable":true,"href":"https:\/\/zonaroja.com.mx\/index.php?rest_route=\/wp\/v2\/users\/2"}],"replies":[{"embeddable":true,"href":"https:\/\/zonaroja.com.mx\/index.php?rest_route=%2Fwp%2Fv2%2Fcomments&post=53944"}],"version-history":[{"count":2,"href":"https:\/\/zonaroja.com.mx\/index.php?rest_route=\/wp\/v2\/posts\/53944\/revisions"}],"predecessor-version":[{"id":53947,"href":"https:\/\/zonaroja.com.mx\/index.php?rest_route=\/wp\/v2\/posts\/53944\/revisions\/53947"}],"wp:featuredmedia":[{"embeddable":true,"href":"https:\/\/zonaroja.com.mx\/index.php?rest_route=\/wp\/v2\/media\/53945"}],"wp:attachment":[{"href":"https:\/\/zonaroja.com.mx\/index.php?rest_route=%2Fwp%2Fv2%2Fmedia&parent=53944"}],"wp:term":[{"taxonomy":"category","embeddable":true,"href":"https:\/\/zonaroja.com.mx\/index.php?rest_route=%2Fwp%2Fv2%2Fcategories&post=53944"},{"taxonomy":"post_tag","embeddable":true,"href":"https:\/\/zonaroja.com.mx\/index.php?rest_route=%2Fwp%2Fv2%2Ftags&post=53944"}],"curies":[{"name":"wp","href":"https:\/\/api.w.org\/{rel}","templated":true}]}}