{"id":53955,"date":"2023-04-12T21:24:12","date_gmt":"2023-04-13T02:24:12","guid":{"rendered":"http:\/\/www.zonaroja.com.mx\/?p=53955"},"modified":"2023-04-12T21:39:31","modified_gmt":"2023-04-13T02:39:31","slug":"53955","status":"publish","type":"post","link":"https:\/\/zonaroja.com.mx\/?p=53955","title":{"rendered":"Gobierno de Alejandro Murat, irresponsable en caso Chimalapas"},"content":{"rendered":"<p>Yuridiana Sosa\/Zona Roja.<\/p>\n<p>Oaxaca de Ju\u00e1rez, Oax., a 12 de abril de 2023.- El incumplimiento de la sentencia de la Suprema Corte de Justicia de la Naci\u00f3n (SCJN) a favor de Oaxaca sobre los l\u00edmites con Chiapas obedeci\u00f3 al desinter\u00e9s del gobierno de Alejandro Murat, el cual no ejerci\u00f3 tr\u00e1mite alguno para consumarla, se\u00f1al\u00f3 el titular de la Consejer\u00eda Jur\u00eddica del Gobierno del Estado, Geovany V\u00e1squez Sagrero.<\/p>\n<p>Previo a la sesi\u00f3n del Congreso de Oaxaca para la lectura, votaci\u00f3n y aprobaci\u00f3n del decreto para reformar al Art\u00edculo 28 de la Constituci\u00f3n Pol\u00edtica de Oaxaca, el funcionario apunt\u00f3 que la negligencia del gobierno anterior est\u00e1 evidenciada en el expediente del caso, en el que no hay antecedentes de actos para el cumplimiento de la sentencia.<\/p>\n<p>Asegur\u00f3 que, en este sentido, la actual administraci\u00f3n present\u00f3 avances para la pacificaci\u00f3n en la zona de los Chimalapas, en la que se formaron localidades con habitantes chiapanecos.<\/p>\n<p>\u201cEs inexplicable \u2013la desatenci\u00f3n- s\u00f3lo era cuesti\u00f3n de di\u00e1logo, pero creo que a los que no son oaxaque\u00f1os no les interesaba resolver\u201d, expres\u00f3 en entrevista colectiva.<\/p>\n<div class=\"twitter-tweet\">\n<blockquote class=\"twitter-tweet\" data-lang=\"es\">\n<p lang=\"es\" dir=\"ltr\">En el <a href=\"https:\/\/twitter.com\/CongresoOaxaca_?ref_src=twsrc%5Etfw\">@CongresoOaxaca_<\/a>, donde acompa\u00f1a a pueblos zoques, el titular de la <a href=\"https:\/\/twitter.com\/ConsejeriaOax?ref_src=twsrc%5Etfw\">@ConsejeriaOax<\/a>, <a href=\"https:\/\/twitter.com\/geovanyvasquez?ref_src=twsrc%5Etfw\">@geovanyvasquez<\/a>, destac\u00f3 avances para la pacificaci\u00f3n en la zona de los Chimalapas, as\u00ed como la irresponsabilidad en el sexenio de <a href=\"https:\/\/twitter.com\/alejandromurat?ref_src=twsrc%5Etfw\">@alejandromurat<\/a> para no cumplir la sentencia de la <a href=\"https:\/\/twitter.com\/SCJN?ref_src=twsrc%5Etfw\">@SCJN<\/a>. <a href=\"https:\/\/t.co\/rX2DM8RYfr\">pic.twitter.com\/rX2DM8RYfr<\/a><\/p>\n<p>&mdash; Zona Roja Oaxaca (@ZonaRoja_Oaxaca) <a href=\"https:\/\/twitter.com\/ZonaRoja_Oaxaca\/status\/1646239552900562950?ref_src=twsrc%5Etfw\">12 de abril de 2023<\/a><\/p><\/blockquote>\n<\/div>\n<p>ACCIONES DE PAZ<\/p>\n<p>V\u00e1squez Sagrero apunt\u00f3 que para la reconstrucci\u00f3n del tejido social se implementar\u00e1n talleres de paz, de lo cual tambi\u00e9n formar\u00e1 parte la Procuradur\u00eda Agraria de M\u00e9xico, con quien existe un convenio para la implementaci\u00f3n de estas acciones.<\/p>\n<p>El gobierno, dijo, realizar\u00e1 las acciones necesarias para cumplir con la sentencia, pero a su vez estas se llevar\u00e1n de manera pac\u00edfica.<\/p>\n<p>Como parte de esas acciones y de los acuerdos alcanzados en reuni\u00f3n del martes con las autoridades de Santa Mar\u00eda y San Miguel Chimalapa, el gobernador de Oaxaca, Salom\u00f3n Jara Cruz, se presentar\u00e1 en la comunidad de Santa Mar\u00eda Chimalapa para la instalaci\u00f3n de una asamblea en la que se establezcan los petitorios de la comunidad continuamente instalaci\u00f3n formal de la mesa interinstitucional. As\u00ed como el pleno sesionar\u00e1 en la zona Chimalapa tras una asamblea general.<\/p>\n<p>LOGRARON AVANCES<\/p>\n<p>Previo a ello, luego de varias horas de di\u00e1logo entre ambas partes en la zona de los Chimalapas, en el que no se registraron conflictos ni retenci\u00f3n de funcionarios, autoridades de Santa Mar\u00eda y San Miguel Chimalapa junto con el titular de la Consejer\u00eda Jur\u00eddica del Gobierno del Estado de Oaxaca, Geovany V\u00e1squez Sagrero, alcanzaron acuerdos para que las autoridades estatales y el Congreso de Oaxaca cumplan con la sentencia de a SCJN sobre los l\u00edmites con Chiapas.<\/p>\n<p>Uno de ellos fue la presentaci\u00f3n al pleno del Congreso del dictamen del caso por parte de la comisi\u00f3n legislativa correspondiente.<\/p>\n<p>El acuerdo se alcanz\u00f3 a m\u00e1s de una semana de que las asambleas generales de Santa Mar\u00eda y San Miguel&nbsp;Chimalapa&nbsp;dieron como ultim\u00e1tum el martes 4 de abril para que el gobernador Salom\u00f3n Jara y la Comisi\u00f3n Permanente de Estudios Constitucionales del Congreso de Oaxaca asistan a la zona para informar del avance de las reformas sobre el fallo de la Corte y de que en la fecha citada fue retenido el titular de la Secretar\u00eda de Gobierno, Jes\u00fas Romero, ante la falta de propuestas concretas.<\/p>\n<div class=\"twitter-tweet\">\n<blockquote class=\"twitter-tweet\" data-lang=\"es\">\n<p lang=\"zxx\" dir=\"ltr\"><a href=\"https:\/\/t.co\/785TTGUUHg\">pic.twitter.com\/785TTGUUHg<\/a><\/p>\n<p>&mdash; Zona Roja Oaxaca (@ZonaRoja_Oaxaca) <a href=\"https:\/\/twitter.com\/ZonaRoja_Oaxaca\/status\/1645973736061825025?ref_src=twsrc%5Etfw\">12 de abril de 2023<\/a><\/p><\/blockquote>\n<\/div>\n","protected":false},"excerpt":{"rendered":"<p>Yuridiana Sosa\/Zona Roja. Oaxaca de Ju\u00e1rez, Oax., a 12 de abril de 2023.- El incumplimiento&hellip;<\/p>\n","protected":false},"author":2,"featured_media":53956,"comment_status":"closed","ping_status":"open","sticky":false,"template":"","format":"standard","meta":{"_lmt_disableupdate":"","_lmt_disable":"","_jetpack_memberships_contains_paid_content":false,"footnotes":""},"categories":[109,46],"tags":[2949,3356],"class_list":["post-53955","post","type-post","status-publish","format-standard","has-post-thumbnail","hentry","category-minuto-a-minuto","category-zona-blanca","tag-controversia-constitucional-chimalapas","tag-geovany-vasquez-sagrero"],"jetpack_featured_media_url":"https:\/\/zonaroja.com.mx\/wp-content\/uploads\/2023\/04\/Geovany-Vasquez-Sagrero.jpg","jetpack_sharing_enabled":true,"_links":{"self":[{"href":"https:\/\/zonaroja.com.mx\/index.php?rest_route=\/wp\/v2\/posts\/53955","targetHints":{"allow":["GET"]}}],"collection":[{"href":"https:\/\/zonaroja.com.mx\/index.php?rest_route=\/wp\/v2\/posts"}],"about":[{"href":"https:\/\/zonaroja.com.mx\/index.php?rest_route=\/wp\/v2\/types\/post"}],"author":[{"embeddable":true,"href":"https:\/\/zonaroja.com.mx\/index.php?rest_route=\/wp\/v2\/users\/2"}],"replies":[{"embeddable":true,"href":"https:\/\/zonaroja.com.mx\/index.php?rest_route=%2Fwp%2Fv2%2Fcomments&post=53955"}],"version-history":[{"count":2,"href":"https:\/\/zonaroja.com.mx\/index.php?rest_route=\/wp\/v2\/posts\/53955\/revisions"}],"predecessor-version":[{"id":53958,"href":"https:\/\/zonaroja.com.mx\/index.php?rest_route=\/wp\/v2\/posts\/53955\/revisions\/53958"}],"wp:featuredmedia":[{"embeddable":true,"href":"https:\/\/zonaroja.com.mx\/index.php?rest_route=\/wp\/v2\/media\/53956"}],"wp:attachment":[{"href":"https:\/\/zonaroja.com.mx\/index.php?rest_route=%2Fwp%2Fv2%2Fmedia&parent=53955"}],"wp:term":[{"taxonomy":"category","embeddable":true,"href":"https:\/\/zonaroja.com.mx\/index.php?rest_route=%2Fwp%2Fv2%2Fcategories&post=53955"},{"taxonomy":"post_tag","embeddable":true,"href":"https:\/\/zonaroja.com.mx\/index.php?rest_route=%2Fwp%2Fv2%2Ftags&post=53955"}],"curies":[{"name":"wp","href":"https:\/\/api.w.org\/{rel}","templated":true}]}}