{"id":53965,"date":"2023-04-13T09:30:43","date_gmt":"2023-04-13T14:30:43","guid":{"rendered":"http:\/\/www.zonaroja.com.mx\/?p=53965"},"modified":"2023-04-13T09:31:48","modified_gmt":"2023-04-13T14:31:48","slug":"53965","status":"publish","type":"post","link":"https:\/\/zonaroja.com.mx\/?p=53965","title":{"rendered":"Diputada a Salom\u00f3n Jara: \u201cNo le hace bien a su gobierno personas violentadoras\u201d"},"content":{"rendered":"<p>Yuridiana Sosa\/Zona Roja.<\/p>\n<p>Oaxaca de Ju\u00e1rez, Oax., a 12 de abril de 2023.- Desde la tribuna del Congreso de Oaxaca, diputadas alzaron la voz contra los funcionarios presuntos violentadores de mujeres y exigieron de forma especial la destituci\u00f3n de Donato Vargas Jim\u00e9nez, coordinador de Atenci\u00f3n Regional de Oaxaca, se\u00f1alado y denunciado penalmente por diversos delitos contra las mujeres.<\/p>\n<p>La legisladora por Morena, Concepci\u00f3n Rueda G\u00f3mez, se\u00f1al\u00f3 de manera especial el caso de Donato Vargas y solicit\u00f3 al gobernador Salom\u00f3n Jara su cese e incluso hacer cumplir las leyes aprobadas por el Congreso de Oaxaca en materia de castigar a los violentadores y erradicar la violencia contra las mujeres.<\/p>\n<p>\u201cNo le hace nada bien a su gobierno la presencia de personas se\u00f1aladas como violentadores de mujeres\u201d, refiri\u00f3 la diputada, quien dijo tener pruebas de los chats mis\u00f3ginos y de contenido sexual en los que est\u00e1 involucrado dicho funcionario y en los que tambi\u00e9n se exhiben fotograf\u00edas de ella.<\/p>\n<p>Rueda G\u00f3mez destac\u00f3 que la violencia contra las mujeres no es solo problema del gobernador, tambi\u00e9n corresponde al Congreso atacarla. \u201cNo nos lavamos las manos ni lo dejamos solo\u201d, le dijo a Salom\u00f3n Jara.<\/p>\n<p>Record\u00f3 que en 2019 el Congreso oaxaque\u00f1o aprob\u00f3 la Ley Olimpia para castigar a quienes difunden contenido \u00edntimo sin autorizaci\u00f3n de la v\u00edctima; algunos funcionarios y funcionarias fueron part\u00edcipe en ese entonces como legisladores. Y este a\u00f1o se vot\u00f3 a favor de la Ley Tres de Tres contra la violencia de mujeres, misma que fue emitida por el mandatario.<\/p>\n<p>En ese sentido, demand\u00f3 que se hagan valer las leyes y aclar\u00f3 que los chats violentos en los que participan funcionarios no son parte de su vida privada. Dejarlos continuar con sus cargos es permitir la reproducci\u00f3n de un sistema que se quiere erradicar.<\/p>\n<div class=\"twitter-tweet\">\n<blockquote class=\"twitter-tweet\" data-lang=\"es\">\n<p lang=\"es\" dir=\"ltr\">En sesi\u00f3n del <a href=\"https:\/\/twitter.com\/CongresoOaxaca_?ref_src=twsrc%5Etfw\">@CongresoOaxaca_<\/a>, la diputada de Morena, <a href=\"https:\/\/twitter.com\/ConyRuedaG?ref_src=twsrc%5Etfw\">@ConyRuedaG<\/a> sugiri\u00f3 al gobernador <a href=\"https:\/\/twitter.com\/salomonj?ref_src=twsrc%5Etfw\">@salomonj<\/a> prescindir de Donato Vargas, pues \u201cno le hace nada bien a su gobierno la presencia de personas se\u00f1aladas como violentadores de mujeres\u201d.<br \/>Habl\u00f3 tambi\u00e9n la legisladora <a href=\"https:\/\/twitter.com\/Maria_Matus?ref_src=twsrc%5Etfw\">@Maria_Matus<\/a>. <a href=\"https:\/\/t.co\/VOuQMvqUVX\">pic.twitter.com\/VOuQMvqUVX<\/a><\/p>\n<p>&mdash; Zona Roja Oaxaca (@ZonaRoja_Oaxaca) <a href=\"https:\/\/twitter.com\/ZonaRoja_Oaxaca\/status\/1646303532977471489?ref_src=twsrc%5Etfw\">13 de abril de 2023<\/a><\/p><\/blockquote>\n<\/div>\n<p>\u201cNo es una guerra de mujeres contra hombres ni de ataques pol\u00edticos, es una batalla contra violentadores, contra hombres que asumen cargos p\u00fablicos y en su relaci\u00f3n el gobierno ganan impunidad, no debe haber espacio en su gobierno (gobernador)\u201d.<\/p>\n<p>INTERVENCI\u00d3N DE FISCAL\u00cdA<\/p>\n<p>Por su parte, la diputada del PRI, Mar\u00eda Luisa Matus Fuentes, llam\u00f3 al fiscal General de Oaxaca, Bernardo Rodr\u00edguez Alamilla, a dar atenci\u00f3n y seguimiento a las denuncias presentadas por las v\u00edctimas hasta obtener justicia.<\/p>\n<p>La legisladora subray\u00f3 que estos casos, en los que se involucra a funcionarios, no se trata de una guerra de denostaciones ni confrontaciones, pero tampoco se deben pasar por alto que existen mujeres violentadas por ellos.<\/p>\n<p>\u201cLo que queremos es justicia para estas mujeres\u201d, enfatiz\u00f3.<\/p>\n<p>A su vez, el diputado por Morena, Pablo D\u00edaz Jim\u00e9nez, se deslind\u00f3 de participar en el chat donde se distribu\u00eda pornograf\u00eda con mujeres de la etnia Mixe.<\/p>\n<p>Entrevistado ayer al finalizar la sesi\u00f3n ordinaria del Congreso local, consider\u00f3 que la acusaci\u00f3n en su contra es una \u201cacusaci\u00f3n personal\u201d y se dijo dispuesto a comparecer ante cualquier autoridad, incluso la Fiscal\u00eda General del Estado de Oaxaca, para aclarar su situaci\u00f3n.<\/p>\n","protected":false},"excerpt":{"rendered":"<p>Yuridiana Sosa\/Zona Roja. Oaxaca de Ju\u00e1rez, Oax., a 12 de abril de 2023.- Desde la&hellip;<\/p>\n","protected":false},"author":2,"featured_media":53966,"comment_status":"closed","ping_status":"open","sticky":false,"template":"","format":"standard","meta":{"_lmt_disableupdate":"","_lmt_disable":"","_jetpack_memberships_contains_paid_content":false,"footnotes":""},"categories":[109,47],"tags":[3502],"class_list":["post-53965","post","type-post","status-publish","format-standard","has-post-thumbnail","hentry","category-minuto-a-minuto","category-zona-gris","tag-donato-vargas-jimenez"],"jetpack_featured_media_url":"https:\/\/zonaroja.com.mx\/wp-content\/uploads\/2023\/04\/Diputadas-y-Donato-Vargas.jpg","jetpack_sharing_enabled":true,"_links":{"self":[{"href":"https:\/\/zonaroja.com.mx\/index.php?rest_route=\/wp\/v2\/posts\/53965","targetHints":{"allow":["GET"]}}],"collection":[{"href":"https:\/\/zonaroja.com.mx\/index.php?rest_route=\/wp\/v2\/posts"}],"about":[{"href":"https:\/\/zonaroja.com.mx\/index.php?rest_route=\/wp\/v2\/types\/post"}],"author":[{"embeddable":true,"href":"https:\/\/zonaroja.com.mx\/index.php?rest_route=\/wp\/v2\/users\/2"}],"replies":[{"embeddable":true,"href":"https:\/\/zonaroja.com.mx\/index.php?rest_route=%2Fwp%2Fv2%2Fcomments&post=53965"}],"version-history":[{"count":2,"href":"https:\/\/zonaroja.com.mx\/index.php?rest_route=\/wp\/v2\/posts\/53965\/revisions"}],"predecessor-version":[{"id":53985,"href":"https:\/\/zonaroja.com.mx\/index.php?rest_route=\/wp\/v2\/posts\/53965\/revisions\/53985"}],"wp:featuredmedia":[{"embeddable":true,"href":"https:\/\/zonaroja.com.mx\/index.php?rest_route=\/wp\/v2\/media\/53966"}],"wp:attachment":[{"href":"https:\/\/zonaroja.com.mx\/index.php?rest_route=%2Fwp%2Fv2%2Fmedia&parent=53965"}],"wp:term":[{"taxonomy":"category","embeddable":true,"href":"https:\/\/zonaroja.com.mx\/index.php?rest_route=%2Fwp%2Fv2%2Fcategories&post=53965"},{"taxonomy":"post_tag","embeddable":true,"href":"https:\/\/zonaroja.com.mx\/index.php?rest_route=%2Fwp%2Fv2%2Ftags&post=53965"}],"curies":[{"name":"wp","href":"https:\/\/api.w.org\/{rel}","templated":true}]}}