{"id":53972,"date":"2023-04-14T09:56:55","date_gmt":"2023-04-14T14:56:55","guid":{"rendered":"http:\/\/www.zonaroja.com.mx\/?p=53972"},"modified":"2023-04-14T07:01:33","modified_gmt":"2023-04-14T12:01:33","slug":"53972","status":"publish","type":"post","link":"https:\/\/zonaroja.com.mx\/?p=53972","title":{"rendered":"Personal Administraci\u00f3n participa en taller para prevenir el abuso sexual infantil"},"content":{"rendered":"<p>Redacci\u00f3n\/Zona Roja.<\/p>\n<p>Oaxaca de Ju\u00e1rez, Oax., a 14 de abril de 2023. Personal de la Secretar\u00eda de Administraci\u00f3n particip\u00f3 en el taller Formas de Prevenci\u00f3n del Abuso Sexual Infantil promovido en coordinaci\u00f3n con la Secretar\u00eda de las Mujeres.<span class=\"Apple-converted-space\">\u00a0<\/span><\/p>\n<p>Esta capacitaci\u00f3n se realiz\u00f3 en el marco del Mes de la Ni\u00f1ez y fue impartida por Eva Rodr\u00edguez de Jes\u00fas, quien colabora en el \u00e1rea de Capacitaci\u00f3n de la Secretar\u00eda de las Mujeres.<span class=\"Apple-converted-space\">\u00a0<\/span><\/p>\n<p>Durante este encuentro en el auditorio Aurelio Valdivieso, la ponente se\u00f1al\u00f3 que un obst\u00e1culo para enfrentar el abuso sexual infantil es la visi\u00f3n adultocentrista que pone a ni\u00f1as, ni\u00f1os y j\u00f3venes como personas inexpertas, desinformadas y carentes de derechos.<span class=\"Apple-converted-space\">\u00a0<\/span><\/p>\n<p>Esto, dijo, conlleva a que diversos actos de violencia sexual no sean visibilizados e incluso sean normalizados.<\/p>\n<p>Rodr\u00edguez de Jes\u00fas asever\u00f3 que el problema tambi\u00e9n radica en que como sociedad no se reconoce y no se habla de este problema, lo que propicia impunidad ante esos agravios.<span class=\"Apple-converted-space\">\u00a0<\/span><\/p>\n<p>Es por ello que resalt\u00f3 la necesidad de que las personas adultas mayores les crean y reconozcan su palabra ante las problem\u00e1ticas que puedan estar pasando, ya que estos problemas generan m\u00e1s conductas an\u00f3malas en otras infancias.<\/p>\n<p>En representaci\u00f3n del titular de la secretar\u00eda de Administraci\u00f3n Antonino Morales Toledo, el subsecretario de Desarrollo, Control de Gesti\u00f3n P\u00fablica y Recursos Humanos Enrique Feria Romero agradeci\u00f3 el inter\u00e9s de quienes participaron en este taller.<\/p>\n<p>Asimismo, la ponente destac\u00f3 el esfuerzo y compromiso de la Secretar\u00eda de Administraci\u00f3n para emprender acciones que contribuyan a combatir el abuso sexual infantil, formando al personal en una cultural institucional basada en igualdad de g\u00e9nero, la cual beneficiar\u00e1 su funci\u00f3n p\u00fablica y sus vidas personales.<\/p>\n","protected":false},"excerpt":{"rendered":"<p>Redacci\u00f3n\/Zona Roja. Oaxaca de Ju\u00e1rez, Oax., a 14 de abril de 2023. Personal de la&hellip;<\/p>\n","protected":false},"author":2,"featured_media":53974,"comment_status":"closed","ping_status":"open","sticky":false,"template":"","format":"standard","meta":{"_lmt_disableupdate":"","_lmt_disable":"","_jetpack_memberships_contains_paid_content":false,"footnotes":""},"categories":[109,46],"tags":[1989],"class_list":["post-53972","post","type-post","status-publish","format-standard","has-post-thumbnail","hentry","category-minuto-a-minuto","category-zona-blanca","tag-secretaria-de-administracion"],"jetpack_featured_media_url":"https:\/\/zonaroja.com.mx\/wp-content\/uploads\/2023\/04\/FOTO-2-Personal-de-la-Secretaria-de-Administracion-participa-en-taller-para-prevenir-el-abuso-sexual-infantil.jpeg","jetpack_sharing_enabled":true,"_links":{"self":[{"href":"https:\/\/zonaroja.com.mx\/index.php?rest_route=\/wp\/v2\/posts\/53972","targetHints":{"allow":["GET"]}}],"collection":[{"href":"https:\/\/zonaroja.com.mx\/index.php?rest_route=\/wp\/v2\/posts"}],"about":[{"href":"https:\/\/zonaroja.com.mx\/index.php?rest_route=\/wp\/v2\/types\/post"}],"author":[{"embeddable":true,"href":"https:\/\/zonaroja.com.mx\/index.php?rest_route=\/wp\/v2\/users\/2"}],"replies":[{"embeddable":true,"href":"https:\/\/zonaroja.com.mx\/index.php?rest_route=%2Fwp%2Fv2%2Fcomments&post=53972"}],"version-history":[{"count":3,"href":"https:\/\/zonaroja.com.mx\/index.php?rest_route=\/wp\/v2\/posts\/53972\/revisions"}],"predecessor-version":[{"id":54008,"href":"https:\/\/zonaroja.com.mx\/index.php?rest_route=\/wp\/v2\/posts\/53972\/revisions\/54008"}],"wp:featuredmedia":[{"embeddable":true,"href":"https:\/\/zonaroja.com.mx\/index.php?rest_route=\/wp\/v2\/media\/53974"}],"wp:attachment":[{"href":"https:\/\/zonaroja.com.mx\/index.php?rest_route=%2Fwp%2Fv2%2Fmedia&parent=53972"}],"wp:term":[{"taxonomy":"category","embeddable":true,"href":"https:\/\/zonaroja.com.mx\/index.php?rest_route=%2Fwp%2Fv2%2Fcategories&post=53972"},{"taxonomy":"post_tag","embeddable":true,"href":"https:\/\/zonaroja.com.mx\/index.php?rest_route=%2Fwp%2Fv2%2Ftags&post=53972"}],"curies":[{"name":"wp","href":"https:\/\/api.w.org\/{rel}","templated":true}]}}