{"id":53991,"date":"2023-04-13T16:23:04","date_gmt":"2023-04-13T21:23:04","guid":{"rendered":"http:\/\/www.zonaroja.com.mx\/?p=53991"},"modified":"2023-04-13T16:23:05","modified_gmt":"2023-04-13T21:23:05","slug":"exigen-diputados-a-gobierno-retiro-del-basurero-de-catem-en-riberas-del-atoyac","status":"publish","type":"post","link":"https:\/\/zonaroja.com.mx\/?p=53991","title":{"rendered":"Exigen diputados a gobierno retiro del basurero de CATEM en riberas del \u201cAtoyac\u201d"},"content":{"rendered":"\n<p>Yuridiana Sosa\/Zona Roja.<\/p>\n\n\n\n<p>Oaxaca de Ju\u00e1rez, Oax., a 13 de abril de 2023.- Ante los creciente niveles de contaminaci\u00f3n que genera el tiradero a cielo abierto en las riberas del r\u00edo \u201cAtoyac, en la capital, la 65 Legislatura de Oaxaca exigi\u00f3 a las autoridades ambientales federal y estatal y al gobierno municipal de Oaxaca de Ju\u00e1rez, el retiro inmediato del basurero y reubicarlo en zona de menor impacto.<\/p>\n\n\n\n<p>Como urgente y obvia resoluci\u00f3n, aprob\u00f3 con 24 votos el exhorto en el que se llama a la Procuradur\u00eda Federal de Protecci\u00f3n al Ambiente (Profepa), a la Comisi\u00f3n Nacional del Agua (Conagua), a la Procuradur\u00eda de Protecci\u00f3n al Ambiente del Estado de Oaxaca (Propaeo) y al ayuntamiento de Oaxaca de Ju\u00e1rez, a trabajar para la eliminaci\u00f3n de dicho foco de infecci\u00f3n y contaminaci\u00f3n.<\/p>\n\n\n\n<p>La propuesta de la diputada del PRI, Lizbeth Anaid Concha Ojeda, incluye el requerimiento para que las autoridades de los tres niveles de gobierno realicen acciones de saneamiento en la zona y que el nuevo punto de transferencia de residuos s\u00f3lidos urbanos sea un sitio de menor impacto ecol\u00f3gico.<\/p>\n\n\n\n<p>Concha Ojeda se\u00f1al\u00f3 que la crisis sanitaria por el cierre definitivo de basurero en Zaachila, desde octubre, no es justificaci\u00f3n para que las autoridades, principalmente el gobierno de Oaxaca de Ju\u00e1rez, permita la permanencia del tiradero en las riberas del r\u00edo \u201cAyotac\u201d; mismo que fue habilitado por la organizaci\u00f3n CATEM.<\/p>\n\n\n\n<figure class=\"wp-block-embed\"><div class=\"wp-block-embed__wrapper\">\n<div class=\"twitter-tweet\"><blockquote class=\"twitter-tweet\" data-lang=\"es\"><p lang=\"es\" dir=\"ltr\"><a href=\"https:\/\/twitter.com\/hashtag\/%C3%9AltimoMinuto?src=hash&amp;ref_src=twsrc%5Etfw\">#\u00daltimoMinuto<\/a><br>Con 24 votos, el pleno del <a href=\"https:\/\/twitter.com\/CongresoOaxaca_?ref_src=twsrc%5Etfw\">@CongresoOaxaca_<\/a> aprob\u00f3 un exhorto al <a href=\"https:\/\/twitter.com\/MunicipioOaxaca?ref_src=twsrc%5Etfw\">@MunicipioOaxaca<\/a>, <a href=\"https:\/\/twitter.com\/PROPAEO_OAX?ref_src=twsrc%5Etfw\">@PROPAEO_OAX<\/a> y la <a href=\"https:\/\/twitter.com\/PROFEPA_Mx?ref_src=twsrc%5Etfw\">@PROFEPA_Mx<\/a>, para que de manera urgente retiren la basura en la margen del r\u00edo \u201cAtoyac\u201d, ciudad de Oaxaca, restaurar la zona y habilitar un \u00e1rea de menor impacto. <a href=\"https:\/\/t.co\/3y42Nk3hOl\">pic.twitter.com\/3y42Nk3hOl<\/a><\/p>&mdash; Zona Roja Oaxaca (@ZonaRoja_Oaxaca) <a href=\"https:\/\/twitter.com\/ZonaRoja_Oaxaca\/status\/1646255582926581763?ref_src=twsrc%5Etfw\">12 de abril de 2023<\/a><\/blockquote><\/div>\n<\/div><\/figure>\n\n\n\n<p>Este hecho es un reflejo de la falta de acciones e inter\u00e9s de los gobiernos de los tres niveles sobre el saneamiento y rescate del afluente a pasar de recomendaciones y sentencias para eso.<\/p>\n\n\n\n<p>Pero es a\u00fan m\u00e1s grave que ante el basurero ilegal, un problema a simple vista, ninguna autoridad realice acciones efectivas, indic\u00f3 la diputada.&nbsp;<\/p>\n\n\n\n<p>Record\u00f3 que la Protecci\u00f3n al Ambiente del Estado de Oaxaca (Propaeo) supuestamente inici\u00f3 un procedimiento administrativo contra el ayuntamiento de Oaxaca, que encabeza Francisco Mart\u00ednez Neri, pero hasta ahora no hay informaci\u00f3n sobre las consecuencias o acciones para el cumplimiento de ese tr\u00e1mite.<\/p>\n\n\n\n<p>As\u00ed tambi\u00e9n destac\u00f3 como grave que en menos de tres semanas- del 24 de marzo al 11 de abril- &nbsp;se hayan registrado tres incendios en el tiradero del \u201cAtoyac\u201d, con la presunta intenci\u00f3n de desocupar espacio y seguir ocupando la zona como basurero.<\/p>\n\n\n\n<p>Concha Ojeda demand\u00f3 a las autoridades de los tres niveles a cumplir y garantizar el derecho de los ciudadanos a vivir en un medio ambiente sano.<\/p>\n","protected":false},"excerpt":{"rendered":"<p>Yuridiana Sosa\/Zona Roja. Oaxaca de Ju\u00e1rez, Oax., a 13 de abril de 2023.- Ante los&hellip;<\/p>\n","protected":false},"author":2,"featured_media":53990,"comment_status":"closed","ping_status":"open","sticky":false,"template":"","format":"standard","meta":{"_lmt_disableupdate":"","_lmt_disable":"","_jetpack_memberships_contains_paid_content":false,"footnotes":""},"categories":[109,47],"tags":[],"class_list":["post-53991","post","type-post","status-publish","format-standard","has-post-thumbnail","hentry","category-minuto-a-minuto","category-zona-gris"],"jetpack_featured_media_url":"https:\/\/zonaroja.com.mx\/wp-content\/uploads\/2023\/04\/18dcecea-b0f6-4e0c-9e72-c77eed454213.jpg","jetpack_sharing_enabled":true,"_links":{"self":[{"href":"https:\/\/zonaroja.com.mx\/index.php?rest_route=\/wp\/v2\/posts\/53991","targetHints":{"allow":["GET"]}}],"collection":[{"href":"https:\/\/zonaroja.com.mx\/index.php?rest_route=\/wp\/v2\/posts"}],"about":[{"href":"https:\/\/zonaroja.com.mx\/index.php?rest_route=\/wp\/v2\/types\/post"}],"author":[{"embeddable":true,"href":"https:\/\/zonaroja.com.mx\/index.php?rest_route=\/wp\/v2\/users\/2"}],"replies":[{"embeddable":true,"href":"https:\/\/zonaroja.com.mx\/index.php?rest_route=%2Fwp%2Fv2%2Fcomments&post=53991"}],"version-history":[{"count":1,"href":"https:\/\/zonaroja.com.mx\/index.php?rest_route=\/wp\/v2\/posts\/53991\/revisions"}],"predecessor-version":[{"id":53992,"href":"https:\/\/zonaroja.com.mx\/index.php?rest_route=\/wp\/v2\/posts\/53991\/revisions\/53992"}],"wp:featuredmedia":[{"embeddable":true,"href":"https:\/\/zonaroja.com.mx\/index.php?rest_route=\/wp\/v2\/media\/53990"}],"wp:attachment":[{"href":"https:\/\/zonaroja.com.mx\/index.php?rest_route=%2Fwp%2Fv2%2Fmedia&parent=53991"}],"wp:term":[{"taxonomy":"category","embeddable":true,"href":"https:\/\/zonaroja.com.mx\/index.php?rest_route=%2Fwp%2Fv2%2Fcategories&post=53991"},{"taxonomy":"post_tag","embeddable":true,"href":"https:\/\/zonaroja.com.mx\/index.php?rest_route=%2Fwp%2Fv2%2Ftags&post=53991"}],"curies":[{"name":"wp","href":"https:\/\/api.w.org\/{rel}","templated":true}]}}