{"id":53997,"date":"2023-04-13T21:39:51","date_gmt":"2023-04-14T02:39:51","guid":{"rendered":"http:\/\/www.zonaroja.com.mx\/?p=53997"},"modified":"2023-04-13T21:44:02","modified_gmt":"2023-04-14T02:44:02","slug":"53997","status":"publish","type":"post","link":"https:\/\/zonaroja.com.mx\/?p=53997","title":{"rendered":"Temporal, reubicaci\u00f3n de locales fuera del Mercado de Abasto de Oaxaca"},"content":{"rendered":"<p>Redacci\u00f3n\/Zona Roja.<\/p>\n<p>Oaxaca de Ju\u00e1rez, Oax., a 13 de abril de 2023.- Tras la pol\u00e9mica y supuesto favoritismo a la empresa chocolate \u201cMayordomo\u201d, la autoridad municipal de Oaxaca de Ju\u00e1rez precis\u00f3 que la colocaci\u00f3n de locales fuera del Mercado de Abasto es temporal.<\/p>\n<p>Lo anterior, mientras se realizan trabajos de rehabilitaci\u00f3n en las \u00e1reas de comedores y pan, inform\u00f3 el Director de Mercado del ayuntamiento, Sebasti\u00e1n Garc\u00eda D\u00edaz.<\/p>\n<p>En entrevista colectiva, rechaz\u00f3 que haya favoritismos hacia dicho comercio, pues puso como ejemplo que \u201cMayordomo\u201d ten\u00eda alrededor de 16 locales en el Mercado de Abasto y en el exterior, frente al mercado \u201cLu\u00b4la\u201d, se le proporcion\u00f3 un espacio mucho menor a la mitad.<\/p>\n<p>Indic\u00f3 que son 650 comercios los que han sido reubicados temporalmente, ante los trabajos que realiza la Secretar\u00eda de Desarrollo Agrario, Territorial y Urbano (Sedatu), debido a un proyecto de car\u00e1cter federal para mejorar las instalaciones.<span class=\"Apple-converted-space\">&nbsp;<\/span><\/p>\n<p>Expuso que estar\u00e1n de manera temporal en esos espacios hasta diciembre, fecha en que se terminar\u00e1n los trabajos, que comprenden 12 mil metros cuadrados que ser\u00e1 totalmente reconstruidos, con instalaciones nuevas, que beneficiar\u00e1 a todos los comerciantes de este centro comercial.<\/p>\n<p>Sostuvo que la distribuci\u00f3n de los espacios se realiz\u00f3 sin distinci\u00f3n y que dependi\u00f3 de cada comerciante el c\u00f3mo fueron adaptando sus negocios en estas \u00e1reas temporales.<span class=\"Apple-converted-space\">&nbsp;<\/span><\/p>\n<p>\u201cQuienes tienen m\u00e1s recursos instalaron los locales a sus posibilidades, tambi\u00e9n con el objetivo de salvaguardar su mercanc\u00eda y sus bienes materiales, pero una vez que regresen al interior del mercado, esos locales deber\u00e1n desaparecer\u201d.<\/p>\n<p>De acuerdo con la Sedatu, para la remodelaci\u00f3n de esta zona del Mercado de Abasto, se invertir\u00e1n 218 millones de pesos.<\/p>\n<div class=\"twitter-tweet\">\n<blockquote class=\"twitter-tweet\" data-lang=\"es\">\n<p lang=\"es\" dir=\"ltr\">Tras la controversia por reubicaci\u00f3n de puestos en la Central de Abasto, el director de ese centro, Sebasti\u00e1n Garc\u00eda D\u00edaz, precis\u00f3 que son temporales, por obras de rehabilitaci\u00f3n; dijo que en <a href=\"https:\/\/twitter.com\/MunicipioOaxaca?ref_src=twsrc%5Etfw\">@MunicipioOaxaca<\/a> no hay favoritismos, en referencia a locales de Chocolate \u201cMayordomo\u201d. <a href=\"https:\/\/t.co\/RNAMXFBgG9\">pic.twitter.com\/RNAMXFBgG9<\/a><\/p>\n<p>&mdash; Zona Roja Oaxaca (@ZonaRoja_Oaxaca) <a href=\"https:\/\/twitter.com\/ZonaRoja_Oaxaca\/status\/1646581927007387648?ref_src=twsrc%5Etfw\">13 de abril de 2023<\/a><\/p><\/blockquote>\n<\/div>\n","protected":false},"excerpt":{"rendered":"<p>Redacci\u00f3n\/Zona Roja. Oaxaca de Ju\u00e1rez, Oax., a 13 de abril de 2023.- Tras la pol\u00e9mica&hellip;<\/p>\n","protected":false},"author":2,"featured_media":53998,"comment_status":"closed","ping_status":"open","sticky":false,"template":"","format":"standard","meta":{"_lmt_disableupdate":"","_lmt_disable":"","_jetpack_memberships_contains_paid_content":false,"footnotes":""},"categories":[109,46],"tags":[148],"class_list":["post-53997","post","type-post","status-publish","format-standard","has-post-thumbnail","hentry","category-minuto-a-minuto","category-zona-blanca","tag-oaxaca-de-juarez"],"jetpack_featured_media_url":"https:\/\/zonaroja.com.mx\/wp-content\/uploads\/2023\/04\/Reubicacion-temporal-Mercado-de-Abasto.jpg","jetpack_sharing_enabled":true,"_links":{"self":[{"href":"https:\/\/zonaroja.com.mx\/index.php?rest_route=\/wp\/v2\/posts\/53997","targetHints":{"allow":["GET"]}}],"collection":[{"href":"https:\/\/zonaroja.com.mx\/index.php?rest_route=\/wp\/v2\/posts"}],"about":[{"href":"https:\/\/zonaroja.com.mx\/index.php?rest_route=\/wp\/v2\/types\/post"}],"author":[{"embeddable":true,"href":"https:\/\/zonaroja.com.mx\/index.php?rest_route=\/wp\/v2\/users\/2"}],"replies":[{"embeddable":true,"href":"https:\/\/zonaroja.com.mx\/index.php?rest_route=%2Fwp%2Fv2%2Fcomments&post=53997"}],"version-history":[{"count":2,"href":"https:\/\/zonaroja.com.mx\/index.php?rest_route=\/wp\/v2\/posts\/53997\/revisions"}],"predecessor-version":[{"id":54001,"href":"https:\/\/zonaroja.com.mx\/index.php?rest_route=\/wp\/v2\/posts\/53997\/revisions\/54001"}],"wp:featuredmedia":[{"embeddable":true,"href":"https:\/\/zonaroja.com.mx\/index.php?rest_route=\/wp\/v2\/media\/53998"}],"wp:attachment":[{"href":"https:\/\/zonaroja.com.mx\/index.php?rest_route=%2Fwp%2Fv2%2Fmedia&parent=53997"}],"wp:term":[{"taxonomy":"category","embeddable":true,"href":"https:\/\/zonaroja.com.mx\/index.php?rest_route=%2Fwp%2Fv2%2Fcategories&post=53997"},{"taxonomy":"post_tag","embeddable":true,"href":"https:\/\/zonaroja.com.mx\/index.php?rest_route=%2Fwp%2Fv2%2Ftags&post=53997"}],"curies":[{"name":"wp","href":"https:\/\/api.w.org\/{rel}","templated":true}]}}